{"id":11999,"date":"2023-11-18T10:03:54","date_gmt":"2023-11-18T13:03:54","guid":{"rendered":"https:\/\/www.tribunanf.com.br\/blogdoralfereis\/?p=11999"},"modified":"2023-11-18T10:39:05","modified_gmt":"2023-11-18T13:39:05","slug":"o-significado-do-g-da-imbeg-que-irrita-os-vereadores-da-oposicao-de-campos","status":"publish","type":"post","link":"https:\/\/www.tribunanf.com.br\/blogdoralfereis\/2023\/11\/18\/o-significado-do-g-da-imbeg-que-irrita-os-vereadores-da-oposicao-de-campos\/","title":{"rendered":"O significado do G da IMBEG que irrita os vereadores da oposi\u00e7\u00e3o de Campos"},"content":{"rendered":"<p><img loading=\"lazy\" decoding=\"async\" class=\"aligncenter size-large wp-image-8755\" src=\"https:\/\/www.tribunanf.com.br\/blogdoralfereis\/wp-content\/uploads\/sites\/11\/2022\/02\/Camara-foto-noite_Easy-Resize.com_-1024x768.jpg\" alt=\"\" width=\"800\" height=\"600\" \/><\/p>\n<p style=\"text-align: justify;\">Conforme o blog publicou ontem, por unanimidade o Tribunal de Contas do Estado do Rio de Janeiro determinou o arquivamento de uma den\u00fancia da bancada de oposi\u00e7\u00e3o na C\u00e2mara de Campos sobre a licita\u00e7\u00e3o para a constru\u00e7\u00e3o de Terminais de Integra\u00e7\u00e3o no munic\u00edpio.<\/p>\n<p style=\"text-align: justify;\">Os conselheiros entenderam que a Den\u00fancia n\u00e3o tem fundamento e n\u00e3o h\u00e1 qualquer irregularidade (link abaixo).<\/p>\n<p style=\"text-align: justify;\">O alvo dos vereadores era a empreiteira IMBEG \u2013 Imb\u00e9 Engenharia Ltda, empresa com sede em Campos e que j\u00e1 atua h\u00e1 muitos anos em todo o estado.<\/p>\n<p style=\"text-align: justify;\">Mas o G da IMBEG \u00e9 o ponto de irrita\u00e7\u00e3o dos vereadores e gera discuss\u00f5es calorosas no plen\u00e1rio do legislativo. Antes a empresa se chamava apenas IMB\u00c9.<\/p>\n<p style=\"text-align: justify;\">O G da IMBEG nada mais \u00e9 que o nome da esposa do dono e s\u00f3cia das empresas, cujo o sobrenome se chama Godoy.<\/p>\n<p>\u00c9 s\u00f3 isso.<\/p>\n<p>Leia tamb\u00e9m:<\/p>\n<blockquote class=\"wp-embedded-content\" data-secret=\"ALCQRDwlWx\"><p><a href=\"https:\/\/www.tribunanf.com.br\/blogdoralfereis\/2023\/11\/17\/por-unanimidade-tce-rj-manda-arquivar-denuncia-de-vereadores-da-oposicao-sobre-licitacao-dos-terminais-de-integracao-de-campos\/\">Por unanimidade, TCE-RJ manda arquivar den\u00fancia de vereadores da oposi\u00e7\u00e3o sobre licita\u00e7\u00e3o dos terminais de integra\u00e7\u00e3o de Campos<\/a><\/p><\/blockquote>\n<p><iframe loading=\"lazy\" class=\"wp-embedded-content\" sandbox=\"allow-scripts\" security=\"restricted\" style=\"position: absolute; clip: rect(1px, 1px, 1px, 1px);\" title=\"&#8220;Por unanimidade, TCE-RJ manda arquivar den\u00fancia de vereadores da oposi\u00e7\u00e3o sobre licita\u00e7\u00e3o dos terminais de integra\u00e7\u00e3o de Campos&#8221; &#8212; Blog do Ralfe Reis\" src=\"https:\/\/www.tribunanf.com.br\/blogdoralfereis\/2023\/11\/17\/por-unanimidade-tce-rj-manda-arquivar-denuncia-de-vereadores-da-oposicao-sobre-licitacao-dos-terminais-de-integracao-de-campos\/embed\/#?secret=2sj0Wy5Aj7#?secret=ALCQRDwlWx\" data-secret=\"ALCQRDwlWx\" width=\"600\" height=\"338\" frameborder=\"0\" marginwidth=\"0\" marginheight=\"0\" scrolling=\"no\"><\/iframe><\/p>\n","protected":false},"excerpt":{"rendered":"<p>Conforme o blog publicou ontem, por unanimidade o Tribunal de Contas do Estado do Rio de Janeiro determinou o arquivamento&#8230;<\/p>\n","protected":false},"author":2,"featured_media":8755,"comment_status":"open","ping_status":"open","sticky":false,"template":"","format":"standard","meta":{"colormag_page_container_layout":"default_layout","colormag_page_sidebar_layout":"default_layout","jetpack_post_was_ever_published":false,"_jetpack_newsletter_access":"","_jetpack_dont_email_post_to_subs":false,"_jetpack_newsletter_tier_id":0,"_jetpack_memberships_contains_paywalled_content":false,"_jetpack_memberships_contains_paid_content":false,"footnotes":""},"categories":[2],"tags":[],"class_list":["post-11999","post","type-post","status-publish","format-standard","has-post-thumbnail","hentry","category-politica"],"jetpack_featured_media_url":"https:\/\/www.tribunanf.com.br\/blogdoralfereis\/wp-content\/uploads\/sites\/11\/2022\/02\/Camara-foto-noite_Easy-Resize.com_-e1645791208327.jpg","jetpack_sharing_enabled":true,"_links":{"self":[{"href":"https:\/\/www.tribunanf.com.br\/blogdoralfereis\/wp-json\/wp\/v2\/posts\/11999","targetHints":{"allow":["GET"]}}],"collection":[{"href":"https:\/\/www.tribunanf.com.br\/blogdoralfereis\/wp-json\/wp\/v2\/posts"}],"about":[{"href":"https:\/\/www.tribunanf.com.br\/blogdoralfereis\/wp-json\/wp\/v2\/types\/post"}],"author":[{"embeddable":true,"href":"https:\/\/www.tribunanf.com.br\/blogdoralfereis\/wp-json\/wp\/v2\/users\/2"}],"replies":[{"embeddable":true,"href":"https:\/\/www.tribunanf.com.br\/blogdoralfereis\/wp-json\/wp\/v2\/comments?post=11999"}],"version-history":[{"count":0,"href":"https:\/\/www.tribunanf.com.br\/blogdoralfereis\/wp-json\/wp\/v2\/posts\/11999\/revisions"}],"wp:featuredmedia":[{"embeddable":true,"href":"https:\/\/www.tribunanf.com.br\/blogdoralfereis\/wp-json\/wp\/v2\/media\/8755"}],"wp:attachment":[{"href":"https:\/\/www.tribunanf.com.br\/blogdoralfereis\/wp-json\/wp\/v2\/media?parent=11999"}],"wp:term":[{"taxonomy":"category","embeddable":true,"href":"https:\/\/www.tribunanf.com.br\/blogdoralfereis\/wp-json\/wp\/v2\/categories?post=11999"},{"taxonomy":"post_tag","embeddable":true,"href":"https:\/\/www.tribunanf.com.br\/blogdoralfereis\/wp-json\/wp\/v2\/tags?post=11999"}],"curies":[{"name":"wp","href":"https:\/\/api.w.org\/{rel}","templated":true}]}}