{"id":11976,"date":"2023-11-17T09:30:12","date_gmt":"2023-11-17T12:30:12","guid":{"rendered":"https:\/\/www.tribunanf.com.br\/blogdoralfereis\/?p=11976"},"modified":"2023-11-17T09:30:12","modified_gmt":"2023-11-17T12:30:12","slug":"sindicato-dos-policiais-civis-entra-com-350-acoes-judiciais-contra-o-estado-do-rio","status":"publish","type":"post","link":"https:\/\/www.tribunanf.com.br\/blogdoralfereis\/2023\/11\/17\/sindicato-dos-policiais-civis-entra-com-350-acoes-judiciais-contra-o-estado-do-rio\/","title":{"rendered":"Sindicato dos policiais civis entra com 350 a\u00e7\u00f5es judiciais contra o Estado do Rio"},"content":{"rendered":"<p><img loading=\"lazy\" decoding=\"async\" class=\"aligncenter size-large wp-image-11977\" src=\"https:\/\/www.tribunanf.com.br\/blogdoralfereis\/wp-content\/uploads\/sites\/11\/2023\/11\/policia-civil_Easy-Resize.com-2-1024x682.jpg\" alt=\"\" width=\"800\" height=\"533\" srcset=\"https:\/\/www.tribunanf.com.br\/blogdoralfereis\/wp-content\/uploads\/sites\/11\/2023\/11\/policia-civil_Easy-Resize.com-2-1024x682.jpg 1024w, https:\/\/www.tribunanf.com.br\/blogdoralfereis\/wp-content\/uploads\/sites\/11\/2023\/11\/policia-civil_Easy-Resize.com-2-300x200.jpg 300w, https:\/\/www.tribunanf.com.br\/blogdoralfereis\/wp-content\/uploads\/sites\/11\/2023\/11\/policia-civil_Easy-Resize.com-2-768x512.jpg 768w, https:\/\/www.tribunanf.com.br\/blogdoralfereis\/wp-content\/uploads\/sites\/11\/2023\/11\/policia-civil_Easy-Resize.com-2.jpg 1280w\" sizes=\"auto, (max-width: 800px) 100vw, 800px\" \/><\/p>\n<p style=\"text-align: justify;\">O Sindicato dos Policiais Civis do Estado do Rio de Janeiro (Sindpol) abriu 350 a\u00e7\u00f5es judiciais contra o Estado do Rio de Janeiro para o pagamento de diferen\u00e7as salariais devido a promo\u00e7\u00f5es atrasadas de servidores. H\u00e1 funcion\u00e1rios que j\u00e1 excederam em tr\u00eas anos o tempo de serem promovidos.<\/p>\n<p style=\"text-align: justify;\">A informa\u00e7\u00e3o \u00e9 da Coluna Servidor, do Extra.<\/p>\n<p style=\"text-align: justify;\">A quantia paga a cada policial pode variar de R$ 2 mil a R$ 60 mil. A m\u00e9dia, contudo, \u00e9 de R$ 10 mil por a\u00e7\u00e3o. Segundo M\u00e1rcia Bezerra, presidente do Sindpol, o motivo das a\u00e7\u00f5es contra o estado s\u00e3o &#8220;uma luta pela melhoria da qualidade de vida dos policiais, que s\u00e3o negligenciados&#8221;.<\/p>\n<p style=\"text-align: justify;\">\u2013 N\u00e3o temos plano de sa\u00fade, recebemos 12 reais para almo\u00e7ar, precisamos ser respeitados. Precisamos ser ouvidos, precisamos ser cuidados, o que estamos reivindicando \u00e9 o m\u00ednimo \u2013 disse.<\/p>\n<p style=\"text-align: justify;\">O sindicato ainda convoca outros servidores que estejam em situa\u00e7\u00e3o parecida para entrar em contato com o grupo.<\/p>\n<p style=\"text-align: justify;\">\u2013 N\u00f3s precisamos lutar pelos nossos direitos assegurados na constitui\u00e7\u00e3o. N\u00e3o somos apenas n\u00fameros, somos seres humanos lutando pelo Rio de Janeiro \u2013 finalizou Bezerra.<\/p>\n","protected":false},"excerpt":{"rendered":"<p>O Sindicato dos Policiais Civis do Estado do Rio de Janeiro (Sindpol) abriu 350 a\u00e7\u00f5es judiciais contra o Estado do&#8230;<\/p>\n","protected":false},"author":2,"featured_media":11977,"comment_status":"open","ping_status":"open","sticky":false,"template":"","format":"standard","meta":{"colormag_page_container_layout":"default_layout","colormag_page_sidebar_layout":"default_layout","jetpack_post_was_ever_published":false,"_jetpack_newsletter_access":"","_jetpack_dont_email_post_to_subs":false,"_jetpack_newsletter_tier_id":0,"_jetpack_memberships_contains_paywalled_content":false,"_jetpack_memberships_contains_paid_content":false,"footnotes":""},"categories":[2],"tags":[],"class_list":["post-11976","post","type-post","status-publish","format-standard","has-post-thumbnail","hentry","category-politica"],"jetpack_featured_media_url":"https:\/\/www.tribunanf.com.br\/blogdoralfereis\/wp-content\/uploads\/sites\/11\/2023\/11\/policia-civil_Easy-Resize.com-2.jpg","jetpack_sharing_enabled":true,"_links":{"self":[{"href":"https:\/\/www.tribunanf.com.br\/blogdoralfereis\/wp-json\/wp\/v2\/posts\/11976","targetHints":{"allow":["GET"]}}],"collection":[{"href":"https:\/\/www.tribunanf.com.br\/blogdoralfereis\/wp-json\/wp\/v2\/posts"}],"about":[{"href":"https:\/\/www.tribunanf.com.br\/blogdoralfereis\/wp-json\/wp\/v2\/types\/post"}],"author":[{"embeddable":true,"href":"https:\/\/www.tribunanf.com.br\/blogdoralfereis\/wp-json\/wp\/v2\/users\/2"}],"replies":[{"embeddable":true,"href":"https:\/\/www.tribunanf.com.br\/blogdoralfereis\/wp-json\/wp\/v2\/comments?post=11976"}],"version-history":[{"count":0,"href":"https:\/\/www.tribunanf.com.br\/blogdoralfereis\/wp-json\/wp\/v2\/posts\/11976\/revisions"}],"wp:featuredmedia":[{"embeddable":true,"href":"https:\/\/www.tribunanf.com.br\/blogdoralfereis\/wp-json\/wp\/v2\/media\/11977"}],"wp:attachment":[{"href":"https:\/\/www.tribunanf.com.br\/blogdoralfereis\/wp-json\/wp\/v2\/media?parent=11976"}],"wp:term":[{"taxonomy":"category","embeddable":true,"href":"https:\/\/www.tribunanf.com.br\/blogdoralfereis\/wp-json\/wp\/v2\/categories?post=11976"},{"taxonomy":"post_tag","embeddable":true,"href":"https:\/\/www.tribunanf.com.br\/blogdoralfereis\/wp-json\/wp\/v2\/tags?post=11976"}],"curies":[{"name":"wp","href":"https:\/\/api.w.org\/{rel}","templated":true}]}}