{"id":11972,"date":"2023-11-16T08:53:34","date_gmt":"2023-11-16T11:53:34","guid":{"rendered":"https:\/\/www.tribunanf.com.br\/blogdoralfereis\/?p=11972"},"modified":"2023-11-16T08:53:34","modified_gmt":"2023-11-16T11:53:34","slug":"curso-como-fornecer-para-a-prefeitura-de-campos-com-inscricoes-esgotadas","status":"publish","type":"post","link":"https:\/\/www.tribunanf.com.br\/blogdoralfereis\/2023\/11\/16\/curso-como-fornecer-para-a-prefeitura-de-campos-com-inscricoes-esgotadas\/","title":{"rendered":"Curso \u201cComo fornecer para a Prefeitura de Campos\u201d com inscri\u00e7\u00f5es esgotadas"},"content":{"rendered":"<p><img loading=\"lazy\" decoding=\"async\" class=\"aligncenter size-large wp-image-7542\" src=\"https:\/\/www.tribunanf.com.br\/blogdoralfereis\/wp-content\/uploads\/sites\/11\/2021\/09\/prefeitura-campos_Easy-Resize.com-2-1024x682.jpg\" alt=\"\" width=\"800\" height=\"533\" \/><\/p>\n<p style=\"text-align: justify;\">Est\u00e3o encerradas as inscri\u00e7\u00f5es para o curso \u201cComo fornecer para a Prefeitura de Campos\u201d, atrav\u00e9s do processo eletr\u00f4nico, conforme previsto na Lei Federal n\u00ba 14.133\/2021. Ao todo 120 pessoas se inscreveram, preenchendo todas as vagas que comporta a capacidade do audit\u00f3rio da prefeitura, onde o curso ser\u00e1 realizado. O curso \u00e9 gratuito e acontece no pr\u00f3ximo dia 23, das 18h \u00e0s 22h, atrav\u00e9s de uma parceria entre a Prefeitura de Campos e o Sebrae\/RJ com o apoio da plataforma de licita\u00e7\u00f5es eletr\u00f4nicas LICITANET. Os palestrantes ser\u00e3o os consultores do Sebrae\/RJ \u2013 Andr\u00e9 Netto &#8211; e da LICITANET \u2013 Br\u00edssio Reis. A prefeitura \u00e9 parceira no evento, atrav\u00e9s da Licita\u00e7\u00e3o e Secretaria de Desenvolvimento Econ\u00f4mico.<\/p>\n<p style=\"text-align: justify;\">As vagas disponibilizadas para participa\u00e7\u00e3o deste curso foram todas preenchidas em pouco tempo e a procura continua grande. Devido \u00e0 alta demanda, est\u00e1 sendo avaliada a possibilidade de realiza\u00e7\u00e3o de outro curso para atender \u00e0queles que n\u00e3o conseguiram se inscrever para o do dia 23 \u2013 disse o agente de contrata\u00e7\u00e3o, Marcelo Monteiro.<\/p>\n<p style=\"text-align: justify;\">O curso vai oferecer informa\u00e7\u00f5es fundamentais tanto para quem j\u00e1 \u00e9 fornecedor da prefeitura quanto para quem pretende fornecer produtos ou prestar servi\u00e7os para o munic\u00edpio. \u201cDe acordo com a nova Lei de Licita\u00e7\u00f5es (Lei Federal n\u00ba 14.133\/2021), em breve, todas as licita\u00e7\u00f5es se dar\u00e3o por meio eletr\u00f4nico. Os processos de contrata\u00e7\u00e3o direta (dispensa e inexigibilidade de licita\u00e7\u00e3o), no \u00e2mbito do munic\u00edpio de Campos dos Goytacazes, j\u00e1 s\u00e3o regidos pela Lei Federal n\u00ba 14.133\/2021, por for\u00e7a do Decreto Municipal n\u00ba 125\/2023, da\u00ed a import\u00e2ncia da capacita\u00e7\u00e3o dos fornecedores\u201d, explica o agente de contrata\u00e7\u00e3o.<\/p>\n<p style=\"text-align: justify;\">O secret\u00e1rio de Desenvolvimento Econ\u00f4mico, Mauro Silva, destaca a import\u00e2ncia da capacita\u00e7\u00e3o de empres\u00e1rios e empreendedores para que possam estar mais preparados para atender a demanda, tanto de esferas p\u00fablicas quanto de empresas, incluindo as do Porto do A\u00e7u.<\/p>\n<p style=\"text-align: justify;\">\u201cEstamos contribuindo para o aperfei\u00e7oamento constante dos empres\u00e1rios e empreendedores e, consequentemente, deixar nossa economia cada vez mais forte. Entidades p\u00fablicas s\u00e3o grandes compradoras e isso movimenta setores como o de Servi\u00e7os, Com\u00e9rcio, Ind\u00fastria, entre outros. Al\u00e9m disso, fornecedores preparados para atender ao setor p\u00fablico, tamb\u00e9m est\u00e3o preparados para o setor privado. Todo esse movimento da cadeia produtiva faz parte da pol\u00edtica de governo do Prefeito Wladimir Garotinho para fomentar o desenvolvimento regional\u201d, destaca Mauro Silva.<\/p>\n<p style=\"text-align: justify;\">&#8211; Essa capacita\u00e7\u00e3o tem por objetivo conectar as informa\u00e7\u00f5es necess\u00e1rias para que o pequeno neg\u00f3cio que j\u00e1 est\u00e1 sendo orientado entenda como ele consegue ser um fornecedor da prefeitura. Faz parte do nosso processo qualificar a empresa, em conjunto com prefeitura, e estabelecer uma conex\u00e3o entre os dois, em uma agenda extremamente produtiva, din\u00e2mica, que vai oportunizar que o pequeno neg\u00f3cio local, a microempresa e o microempreendedor individual consigam entender de que maneira alcan\u00e7ar esse mercado de produtos e servi\u00e7os que a prefeitura demanda e, assim, ampliar sua gera\u00e7\u00e3o de faturamento, de receita e seus resultados \u2013 conclui o gerente regional do Sebrae\/RJ, Guilherme Reche.<\/p>\n<p style=\"text-align: justify;\">Secom*<\/p>\n","protected":false},"excerpt":{"rendered":"<p>Est\u00e3o encerradas as inscri\u00e7\u00f5es para o curso \u201cComo fornecer para a Prefeitura de Campos\u201d, atrav\u00e9s do processo eletr\u00f4nico, conforme previsto&#8230;<\/p>\n","protected":false},"author":2,"featured_media":7542,"comment_status":"open","ping_status":"open","sticky":false,"template":"","format":"standard","meta":{"colormag_page_container_layout":"default_layout","colormag_page_sidebar_layout":"default_layout","jetpack_post_was_ever_published":false,"_jetpack_newsletter_access":"","_jetpack_dont_email_post_to_subs":false,"_jetpack_newsletter_tier_id":0,"_jetpack_memberships_contains_paywalled_content":false,"_jetpack_memberships_contains_paid_content":false,"footnotes":""},"categories":[2],"tags":[],"class_list":["post-11972","post","type-post","status-publish","format-standard","has-post-thumbnail","hentry","category-politica"],"jetpack_featured_media_url":"https:\/\/www.tribunanf.com.br\/blogdoralfereis\/wp-content\/uploads\/sites\/11\/2021\/09\/prefeitura-campos_Easy-Resize.com-2-e1631100523786.jpg","jetpack_sharing_enabled":true,"_links":{"self":[{"href":"https:\/\/www.tribunanf.com.br\/blogdoralfereis\/wp-json\/wp\/v2\/posts\/11972","targetHints":{"allow":["GET"]}}],"collection":[{"href":"https:\/\/www.tribunanf.com.br\/blogdoralfereis\/wp-json\/wp\/v2\/posts"}],"about":[{"href":"https:\/\/www.tribunanf.com.br\/blogdoralfereis\/wp-json\/wp\/v2\/types\/post"}],"author":[{"embeddable":true,"href":"https:\/\/www.tribunanf.com.br\/blogdoralfereis\/wp-json\/wp\/v2\/users\/2"}],"replies":[{"embeddable":true,"href":"https:\/\/www.tribunanf.com.br\/blogdoralfereis\/wp-json\/wp\/v2\/comments?post=11972"}],"version-history":[{"count":0,"href":"https:\/\/www.tribunanf.com.br\/blogdoralfereis\/wp-json\/wp\/v2\/posts\/11972\/revisions"}],"wp:featuredmedia":[{"embeddable":true,"href":"https:\/\/www.tribunanf.com.br\/blogdoralfereis\/wp-json\/wp\/v2\/media\/7542"}],"wp:attachment":[{"href":"https:\/\/www.tribunanf.com.br\/blogdoralfereis\/wp-json\/wp\/v2\/media?parent=11972"}],"wp:term":[{"taxonomy":"category","embeddable":true,"href":"https:\/\/www.tribunanf.com.br\/blogdoralfereis\/wp-json\/wp\/v2\/categories?post=11972"},{"taxonomy":"post_tag","embeddable":true,"href":"https:\/\/www.tribunanf.com.br\/blogdoralfereis\/wp-json\/wp\/v2\/tags?post=11972"}],"curies":[{"name":"wp","href":"https:\/\/api.w.org\/{rel}","templated":true}]}}