{"id":1195,"date":"2018-11-28T22:36:29","date_gmt":"2018-11-29T00:36:29","guid":{"rendered":"http:\/\/www.tribunanf.com.br\/blogdoralfereis\/?p=1195"},"modified":"2018-11-28T22:39:17","modified_gmt":"2018-11-29T00:39:17","slug":"acao-que-pede-a-cassacao-de-marcao-gomes-chega-nas-alegacoes-finais","status":"publish","type":"post","link":"https:\/\/www.tribunanf.com.br\/blogdoralfereis\/2018\/11\/28\/acao-que-pede-a-cassacao-de-marcao-gomes-chega-nas-alegacoes-finais\/","title":{"rendered":"A\u00e7\u00e3o que pede a cassa\u00e7\u00e3o de Marc\u00e3o Gomes chega nas alega\u00e7\u00f5es finais"},"content":{"rendered":"<p><img loading=\"lazy\" decoding=\"async\" class=\"aligncenter size-full wp-image-656\" src=\"http:\/\/www.tribunanf.com.br\/blogdoralfereis\/wp-content\/uploads\/sites\/11\/2018\/08\/rafael-1.jpg\" alt=\"\" width=\"800\" height=\"535\" srcset=\"https:\/\/www.tribunanf.com.br\/blogdoralfereis\/wp-content\/uploads\/sites\/11\/2018\/08\/rafael-1.jpg 800w, https:\/\/www.tribunanf.com.br\/blogdoralfereis\/wp-content\/uploads\/sites\/11\/2018\/08\/rafael-1-300x201.jpg 300w, https:\/\/www.tribunanf.com.br\/blogdoralfereis\/wp-content\/uploads\/sites\/11\/2018\/08\/rafael-1-768x514.jpg 768w\" sizes=\"auto, (max-width: 800px) 100vw, 800px\" \/><\/p>\n<p style=\"text-align: justify;\">O desembargador Ant\u00f4nio Aur\u00e9lio Abi Ramia Duarte, do Tribunal Regional Eleitoral, despachou nesta quarta-feira (28) na a\u00e7\u00e3o que pede a cassa\u00e7\u00e3o do presidente da C\u00e2mara de Campos Marc\u00e3o Gomes, para as partes apresentarem as alega\u00e7\u00f5es finais.<\/p>\n<p style=\"text-align: justify;\">A a\u00e7\u00e3o contra Marc\u00e3o Gomes foi proposta pelo seu ex-partido Rede Sustentabilidade e o suplente Thiago Miquilito por infidelidade partid\u00e1ria.<\/p>\n<p style=\"text-align: justify;\">Marc\u00e3o conseguiu adiar ao m\u00e1ximo o julgamento da a\u00e7\u00e3o com a impetra\u00e7\u00e3o de diversos recursos meramente protelat\u00f3rios.<\/p>\n<p style=\"text-align: justify;\">Ap\u00f3s a apresenta\u00e7\u00e3o das alega\u00e7\u00f5es finais, o processo ser\u00e1 levado ao plen\u00e1rio do TRE para julgamento do m\u00e9rito.<\/p>\n<p><img loading=\"lazy\" decoding=\"async\" class=\"aligncenter wp-image-1196\" src=\"http:\/\/www.tribunanf.com.br\/blogdoralfereis\/wp-content\/uploads\/sites\/11\/2018\/11\/0001-82.jpg\" alt=\"\" width=\"745\" height=\"1054\" srcset=\"https:\/\/www.tribunanf.com.br\/blogdoralfereis\/wp-content\/uploads\/sites\/11\/2018\/11\/0001-82.jpg 2480w, https:\/\/www.tribunanf.com.br\/blogdoralfereis\/wp-content\/uploads\/sites\/11\/2018\/11\/0001-82-212x300.jpg 212w, https:\/\/www.tribunanf.com.br\/blogdoralfereis\/wp-content\/uploads\/sites\/11\/2018\/11\/0001-82-768x1087.jpg 768w, https:\/\/www.tribunanf.com.br\/blogdoralfereis\/wp-content\/uploads\/sites\/11\/2018\/11\/0001-82-724x1024.jpg 724w\" sizes=\"auto, (max-width: 745px) 100vw, 745px\" \/><\/p>\n","protected":false},"excerpt":{"rendered":"<p>O desembargador Ant\u00f4nio Aur\u00e9lio Abi Ramia Duarte, do Tribunal Regional Eleitoral, despachou nesta quarta-feira (28) na a\u00e7\u00e3o que pede a&#8230;<\/p>\n","protected":false},"author":2,"featured_media":656,"comment_status":"open","ping_status":"open","sticky":false,"template":"","format":"standard","meta":{"colormag_page_container_layout":"default_layout","colormag_page_sidebar_layout":"default_layout","jetpack_post_was_ever_published":false,"_jetpack_newsletter_access":"","_jetpack_dont_email_post_to_subs":false,"_jetpack_newsletter_tier_id":0,"_jetpack_memberships_contains_paywalled_content":false,"_jetpack_memberships_contains_paid_content":false,"footnotes":""},"categories":[2],"tags":[],"class_list":["post-1195","post","type-post","status-publish","format-standard","has-post-thumbnail","hentry","category-politica"],"jetpack_featured_media_url":"https:\/\/www.tribunanf.com.br\/blogdoralfereis\/wp-content\/uploads\/sites\/11\/2018\/08\/rafael-1.jpg","jetpack_sharing_enabled":true,"_links":{"self":[{"href":"https:\/\/www.tribunanf.com.br\/blogdoralfereis\/wp-json\/wp\/v2\/posts\/1195","targetHints":{"allow":["GET"]}}],"collection":[{"href":"https:\/\/www.tribunanf.com.br\/blogdoralfereis\/wp-json\/wp\/v2\/posts"}],"about":[{"href":"https:\/\/www.tribunanf.com.br\/blogdoralfereis\/wp-json\/wp\/v2\/types\/post"}],"author":[{"embeddable":true,"href":"https:\/\/www.tribunanf.com.br\/blogdoralfereis\/wp-json\/wp\/v2\/users\/2"}],"replies":[{"embeddable":true,"href":"https:\/\/www.tribunanf.com.br\/blogdoralfereis\/wp-json\/wp\/v2\/comments?post=1195"}],"version-history":[{"count":0,"href":"https:\/\/www.tribunanf.com.br\/blogdoralfereis\/wp-json\/wp\/v2\/posts\/1195\/revisions"}],"wp:featuredmedia":[{"embeddable":true,"href":"https:\/\/www.tribunanf.com.br\/blogdoralfereis\/wp-json\/wp\/v2\/media\/656"}],"wp:attachment":[{"href":"https:\/\/www.tribunanf.com.br\/blogdoralfereis\/wp-json\/wp\/v2\/media?parent=1195"}],"wp:term":[{"taxonomy":"category","embeddable":true,"href":"https:\/\/www.tribunanf.com.br\/blogdoralfereis\/wp-json\/wp\/v2\/categories?post=1195"},{"taxonomy":"post_tag","embeddable":true,"href":"https:\/\/www.tribunanf.com.br\/blogdoralfereis\/wp-json\/wp\/v2\/tags?post=1195"}],"curies":[{"name":"wp","href":"https:\/\/api.w.org\/{rel}","templated":true}]}}