{"id":11923,"date":"2023-11-09T09:27:54","date_gmt":"2023-11-09T12:27:54","guid":{"rendered":"https:\/\/www.tribunanf.com.br\/blogdoralfereis\/?p=11923"},"modified":"2023-11-09T09:27:54","modified_gmt":"2023-11-09T12:27:54","slug":"pf-e-gaeco-encontram-dinheiro-vivo-em-operacao-contra-vereadores-de-campos-e-servidores-da-educacao-estadual","status":"publish","type":"post","link":"https:\/\/www.tribunanf.com.br\/blogdoralfereis\/2023\/11\/09\/pf-e-gaeco-encontram-dinheiro-vivo-em-operacao-contra-vereadores-de-campos-e-servidores-da-educacao-estadual\/","title":{"rendered":"PF e GAECO encontram dinheiro vivo em opera\u00e7\u00e3o contra vereadores de Campos e servidores da Educa\u00e7\u00e3o Estadual"},"content":{"rendered":"<p><img loading=\"lazy\" decoding=\"async\" class=\"aligncenter size-large wp-image-11924\" src=\"https:\/\/www.tribunanf.com.br\/blogdoralfereis\/wp-content\/uploads\/sites\/11\/2023\/11\/11ffc8f7-9d65-4cb1-bb96-b29f48c86f50_Easy-Resize.com-1-1024x461.jpg\" alt=\"\" width=\"800\" height=\"360\" srcset=\"https:\/\/www.tribunanf.com.br\/blogdoralfereis\/wp-content\/uploads\/sites\/11\/2023\/11\/11ffc8f7-9d65-4cb1-bb96-b29f48c86f50_Easy-Resize.com-1-1024x461.jpg 1024w, https:\/\/www.tribunanf.com.br\/blogdoralfereis\/wp-content\/uploads\/sites\/11\/2023\/11\/11ffc8f7-9d65-4cb1-bb96-b29f48c86f50_Easy-Resize.com-1-300x135.jpg 300w, https:\/\/www.tribunanf.com.br\/blogdoralfereis\/wp-content\/uploads\/sites\/11\/2023\/11\/11ffc8f7-9d65-4cb1-bb96-b29f48c86f50_Easy-Resize.com-1-768x346.jpg 768w, https:\/\/www.tribunanf.com.br\/blogdoralfereis\/wp-content\/uploads\/sites\/11\/2023\/11\/11ffc8f7-9d65-4cb1-bb96-b29f48c86f50_Easy-Resize.com-1.jpg 1280w\" sizes=\"auto, (max-width: 800px) 100vw, 800px\" \/><\/p>\n<p style=\"text-align: justify;\">A Pol\u00edcia Federal e o Grupo de Atua\u00e7\u00e3o Especializada no Combate ao Crime Organizado (GAECO\/MPRJ), com o apoio da Coordenadoria de Seguran\u00e7a e Intelig\u00eancia (CSI\/MPRJ), encontraram dinheiro vivo durante cumprimento de mandado de busca e apreens\u00e3o contra vereadores de Campos. Os valores ainda n\u00e3o foram contabilizados e a opera\u00e7\u00e3o segue ocorrendo.<\/p>\n<p style=\"text-align: justify;\">Entre os alvos est\u00e3o os vereadores Marquinho do Transporte e Maicon Cruz. S\u00e3o cumpridos 14 mandados de busca e apreens\u00e3o contra os vereadores e outros agentes p\u00fablicos.<\/p>\n<p style=\"text-align: justify;\">A opera\u00e7\u00e3o apura poss\u00edvel pr\u00e1tica dos crimes de associa\u00e7\u00e3o criminosa e fraude do car\u00e1ter competitivo da licita\u00e7\u00e3o envolvendo contratos de transporte escolar na Secretaria de Estado de Educa\u00e7\u00e3o.<\/p>\n<p>Confira aqui:<\/p>\n<blockquote class=\"wp-embedded-content\" data-secret=\"HOTA053SyH\"><p><a href=\"https:\/\/www.tribunanf.com.br\/policia-federal-e-gaeco-cumprem-mandados-de-busca-e-apreensao-na-camara-de-campos-marquinho-e-maycon-cruz-entre-os-alvos\/\">Pol\u00edcia Federal e GAECO cumprem mandados de busca e apreens\u00e3o na C\u00e2mara de Campos; Marquinho Transporte e Maicon Cruz entre os alvos<\/a><\/p><\/blockquote>\n<p><iframe loading=\"lazy\" class=\"wp-embedded-content\" sandbox=\"allow-scripts\" security=\"restricted\" style=\"position: absolute; clip: rect(1px, 1px, 1px, 1px);\" title=\"&#8220;Pol\u00edcia Federal e GAECO cumprem mandados de busca e apreens\u00e3o na C\u00e2mara de Campos; Marquinho Transporte e Maicon Cruz entre os alvos&#8221; &#8212; Tribuna NF\" src=\"https:\/\/www.tribunanf.com.br\/policia-federal-e-gaeco-cumprem-mandados-de-busca-e-apreensao-na-camara-de-campos-marquinho-e-maycon-cruz-entre-os-alvos\/embed\/#?secret=Pp2TJtLjgw#?secret=HOTA053SyH\" data-secret=\"HOTA053SyH\" width=\"600\" height=\"338\" frameborder=\"0\" marginwidth=\"0\" marginheight=\"0\" scrolling=\"no\"><\/iframe><\/p>\n<p>&nbsp;<\/p>\n<p>&nbsp;<\/p>\n","protected":false},"excerpt":{"rendered":"<p>A Pol\u00edcia Federal e o Grupo de Atua\u00e7\u00e3o Especializada no Combate ao Crime Organizado (GAECO\/MPRJ), com o apoio da Coordenadoria&#8230;<\/p>\n","protected":false},"author":2,"featured_media":11924,"comment_status":"open","ping_status":"open","sticky":false,"template":"","format":"standard","meta":{"colormag_page_container_layout":"default_layout","colormag_page_sidebar_layout":"default_layout","jetpack_post_was_ever_published":false,"_jetpack_newsletter_access":"","_jetpack_dont_email_post_to_subs":false,"_jetpack_newsletter_tier_id":0,"_jetpack_memberships_contains_paywalled_content":false,"_jetpack_memberships_contains_paid_content":false,"footnotes":""},"categories":[2],"tags":[],"class_list":["post-11923","post","type-post","status-publish","format-standard","has-post-thumbnail","hentry","category-politica"],"jetpack_featured_media_url":"https:\/\/www.tribunanf.com.br\/blogdoralfereis\/wp-content\/uploads\/sites\/11\/2023\/11\/11ffc8f7-9d65-4cb1-bb96-b29f48c86f50_Easy-Resize.com-1.jpg","jetpack_sharing_enabled":true,"_links":{"self":[{"href":"https:\/\/www.tribunanf.com.br\/blogdoralfereis\/wp-json\/wp\/v2\/posts\/11923","targetHints":{"allow":["GET"]}}],"collection":[{"href":"https:\/\/www.tribunanf.com.br\/blogdoralfereis\/wp-json\/wp\/v2\/posts"}],"about":[{"href":"https:\/\/www.tribunanf.com.br\/blogdoralfereis\/wp-json\/wp\/v2\/types\/post"}],"author":[{"embeddable":true,"href":"https:\/\/www.tribunanf.com.br\/blogdoralfereis\/wp-json\/wp\/v2\/users\/2"}],"replies":[{"embeddable":true,"href":"https:\/\/www.tribunanf.com.br\/blogdoralfereis\/wp-json\/wp\/v2\/comments?post=11923"}],"version-history":[{"count":0,"href":"https:\/\/www.tribunanf.com.br\/blogdoralfereis\/wp-json\/wp\/v2\/posts\/11923\/revisions"}],"wp:featuredmedia":[{"embeddable":true,"href":"https:\/\/www.tribunanf.com.br\/blogdoralfereis\/wp-json\/wp\/v2\/media\/11924"}],"wp:attachment":[{"href":"https:\/\/www.tribunanf.com.br\/blogdoralfereis\/wp-json\/wp\/v2\/media?parent=11923"}],"wp:term":[{"taxonomy":"category","embeddable":true,"href":"https:\/\/www.tribunanf.com.br\/blogdoralfereis\/wp-json\/wp\/v2\/categories?post=11923"},{"taxonomy":"post_tag","embeddable":true,"href":"https:\/\/www.tribunanf.com.br\/blogdoralfereis\/wp-json\/wp\/v2\/tags?post=11923"}],"curies":[{"name":"wp","href":"https:\/\/api.w.org\/{rel}","templated":true}]}}