{"id":11912,"date":"2023-11-08T18:05:20","date_gmt":"2023-11-08T21:05:20","guid":{"rendered":"https:\/\/www.tribunanf.com.br\/blogdoralfereis\/?p=11912"},"modified":"2023-11-08T18:05:20","modified_gmt":"2023-11-08T21:05:20","slug":"materia-sobre-condenacao-de-carla-machado-no-trf-2-gera-rompimento-entre-caio-vianna-e-marquinho-bacellar","status":"publish","type":"post","link":"https:\/\/www.tribunanf.com.br\/blogdoralfereis\/2023\/11\/08\/materia-sobre-condenacao-de-carla-machado-no-trf-2-gera-rompimento-entre-caio-vianna-e-marquinho-bacellar\/","title":{"rendered":"Mat\u00e9ria sobre condena\u00e7\u00e3o de Carla Machado no TRF-2 gera rompimento entre Caio Vianna e Marquinho Bacellar"},"content":{"rendered":"<p><img loading=\"lazy\" decoding=\"async\" class=\"aligncenter size-full wp-image-11920\" src=\"https:\/\/www.tribunanf.com.br\/blogdoralfereis\/wp-content\/uploads\/sites\/11\/2023\/11\/caio-e-marquinho.jpeg\" alt=\"\" width=\"748\" height=\"445\" srcset=\"https:\/\/www.tribunanf.com.br\/blogdoralfereis\/wp-content\/uploads\/sites\/11\/2023\/11\/caio-e-marquinho.jpeg 748w, https:\/\/www.tribunanf.com.br\/blogdoralfereis\/wp-content\/uploads\/sites\/11\/2023\/11\/caio-e-marquinho-300x178.jpeg 300w\" sizes=\"auto, (max-width: 748px) 100vw, 748px\" \/><\/p>\n<p style=\"text-align: justify;\">A not\u00edcia sobre a condena\u00e7\u00e3o da ex-prefeita de SJB e atual deputada estadual Carla Machado revelado em primeira m\u00e3o por<strong><em> Tribuna NF, <\/em><\/strong>gerou um novo rompimento pol\u00edtico entre o deputado federal Caio Vianna e o presidente da C\u00e2mara de Campos Marquinho Bacellar. Ambos eram aliados e fizeram campanha juntos em 2022.<\/p>\n<p style=\"text-align: justify;\">No domingo, <em><strong>Tribuna NF<\/strong><\/em> revelou que Carla Machado foi condenada pelo Tribunal Regional Federal do Rio de Janeiro (TRF-2) por supostas irregularidades em contrato com Instituto do Bem Estar Social e Promo\u00e7\u00e3o \u00e0 Sa\u00fade \u2013 INBESPS e o Munic\u00edpio de S\u00e3o Jo\u00e3o da Barra durante sua gest\u00e3o, cujo valor era de mais de R$ 27 milh\u00f5es.<\/p>\n<p style=\"text-align: justify;\">A decis\u00e3o dos desembargadores federais deixa Carla Machado ineleg\u00edvel, por se tratar de condena\u00e7\u00e3o em \u00f3rg\u00e3o colegiado (Leia a mat\u00e9ria acessando o link ao final).<\/p>\n<p style=\"text-align: justify;\">O deputado federal Caio Vianna publicou um print da not\u00edcia de<em> Tribuna NF<\/em> em suas redes sociais, sem tecer coment\u00e1rios, apenas colocando dois emojis e uma m\u00fasica ao fundo que tem como refr\u00e3o &#8220;Todo aquele desejo&#8230; o que aconteceu com o nosso amor&#8230; se acabou&#8230; Alem\u00e3o acabou, acabou. A fila anda parceiro&#8221;. Ou\u00e7a abaixo:<\/p>\n<div style=\"width: 464px;\" class=\"wp-video\"><video class=\"wp-video-shortcode\" id=\"video-11912-1\" width=\"464\" height=\"848\" preload=\"metadata\" controls=\"controls\"><source type=\"video\/mp4\" src=\"https:\/\/www.tribunanf.com.br\/blogdoralfereis\/wp-content\/uploads\/sites\/11\/2023\/11\/whatsapp-video-2023-11-07-at-195551_fRbo2pk0.mp4?_=1\" \/><a href=\"https:\/\/www.tribunanf.com.br\/blogdoralfereis\/wp-content\/uploads\/sites\/11\/2023\/11\/whatsapp-video-2023-11-07-at-195551_fRbo2pk0.mp4\">https:\/\/www.tribunanf.com.br\/blogdoralfereis\/wp-content\/uploads\/sites\/11\/2023\/11\/whatsapp-video-2023-11-07-at-195551_fRbo2pk0.mp4<\/a><\/video><\/div>\n<p style=\"text-align: justify;\">Bastou o post acima para estopim do novo rompimento ente os Bacellar e os Vianna.<\/p>\n<p style=\"text-align: justify;\">Revoltado com o post de Caio, Marquinho utilizou a tribuna da C\u00e2mara para disparar contra Caio.<\/p>\n<p style=\"text-align: justify;\">\u201cCampos ganhou mais um blogueiro, o senhor Caio Vianna. Ele agora apareceu com uma postagem falando de processos de Carla Machado, irm\u00e3 de nosso colega Fred, possivelmente candidata \u00e0 prefeita com apoio do nosso grupo. N\u00e3o vou deixar passar em branco\u201d, disse Marquinho bem ao estilo Bacellar, chegando a citar um ocorrido de cunho pessoal de Caio.<\/p>\n<p style=\"text-align: justify;\">J\u00e1 o deputado federal realizou um novo post nesta quarta respondendo Marquinho, mas sem baixar o n\u00edvel.<\/p>\n<p style=\"text-align: justify;\">\u201cEu n\u00e3o acredito nem nunca acreditei que vale tudo pelo poder. Tem pessoas e valores na vida que s\u00e3o muito mais importantes. Triste e lament\u00e1vel a rea\u00e7\u00e3o de alguns que fazem tudo para chamar a aten\u00e7\u00e3o, at\u00e9 mesmo falar do filho dos outros\u201d, disse Caio.<\/p>\n<p style=\"text-align: justify;\">Confira a mat\u00e9ria:<\/p>\n<blockquote class=\"wp-embedded-content\" data-secret=\"bYGEfTWIvf\"><p><a href=\"https:\/\/www.tribunanf.com.br\/exclusivo-trf-2-condena-carla-machado-por-supostas-irregularidades-em-contrato-de-r-27-milhoes-e-ex-prefeita-de-sjb-fica-inelegivel\/\">Exclusivo: TRF-2 condena Carla Machado por supostas irregularidades em contrato de R$ 27 milh\u00f5es e ex-prefeita de SJB fica ineleg\u00edvel<\/a><\/p><\/blockquote>\n<p><iframe loading=\"lazy\" class=\"wp-embedded-content\" sandbox=\"allow-scripts\" security=\"restricted\" style=\"position: absolute; clip: rect(1px, 1px, 1px, 1px);\" title=\"&#8220;Exclusivo: TRF-2 condena Carla Machado por supostas irregularidades em contrato de R$ 27 milh\u00f5es e ex-prefeita de SJB fica ineleg\u00edvel&#8221; &#8212; Tribuna NF\" src=\"https:\/\/www.tribunanf.com.br\/exclusivo-trf-2-condena-carla-machado-por-supostas-irregularidades-em-contrato-de-r-27-milhoes-e-ex-prefeita-de-sjb-fica-inelegivel\/embed\/#?secret=4L82JltU60#?secret=bYGEfTWIvf\" data-secret=\"bYGEfTWIvf\" width=\"600\" height=\"338\" frameborder=\"0\" marginwidth=\"0\" marginheight=\"0\" scrolling=\"no\"><\/iframe><\/p>\n","protected":false},"excerpt":{"rendered":"<p>A not\u00edcia sobre a condena\u00e7\u00e3o da ex-prefeita de SJB e atual deputada estadual Carla Machado revelado em primeira m\u00e3o por&#8230;<\/p>\n","protected":false},"author":2,"featured_media":11920,"comment_status":"open","ping_status":"open","sticky":false,"template":"","format":"standard","meta":{"colormag_page_container_layout":"default_layout","colormag_page_sidebar_layout":"default_layout","jetpack_post_was_ever_published":false,"_jetpack_newsletter_access":"","_jetpack_dont_email_post_to_subs":false,"_jetpack_newsletter_tier_id":0,"_jetpack_memberships_contains_paywalled_content":false,"_jetpack_memberships_contains_paid_content":false,"footnotes":""},"categories":[2],"tags":[],"class_list":["post-11912","post","type-post","status-publish","format-standard","has-post-thumbnail","hentry","category-politica"],"jetpack_featured_media_url":"https:\/\/www.tribunanf.com.br\/blogdoralfereis\/wp-content\/uploads\/sites\/11\/2023\/11\/caio-e-marquinho.jpeg","jetpack_sharing_enabled":true,"_links":{"self":[{"href":"https:\/\/www.tribunanf.com.br\/blogdoralfereis\/wp-json\/wp\/v2\/posts\/11912","targetHints":{"allow":["GET"]}}],"collection":[{"href":"https:\/\/www.tribunanf.com.br\/blogdoralfereis\/wp-json\/wp\/v2\/posts"}],"about":[{"href":"https:\/\/www.tribunanf.com.br\/blogdoralfereis\/wp-json\/wp\/v2\/types\/post"}],"author":[{"embeddable":true,"href":"https:\/\/www.tribunanf.com.br\/blogdoralfereis\/wp-json\/wp\/v2\/users\/2"}],"replies":[{"embeddable":true,"href":"https:\/\/www.tribunanf.com.br\/blogdoralfereis\/wp-json\/wp\/v2\/comments?post=11912"}],"version-history":[{"count":0,"href":"https:\/\/www.tribunanf.com.br\/blogdoralfereis\/wp-json\/wp\/v2\/posts\/11912\/revisions"}],"wp:featuredmedia":[{"embeddable":true,"href":"https:\/\/www.tribunanf.com.br\/blogdoralfereis\/wp-json\/wp\/v2\/media\/11920"}],"wp:attachment":[{"href":"https:\/\/www.tribunanf.com.br\/blogdoralfereis\/wp-json\/wp\/v2\/media?parent=11912"}],"wp:term":[{"taxonomy":"category","embeddable":true,"href":"https:\/\/www.tribunanf.com.br\/blogdoralfereis\/wp-json\/wp\/v2\/categories?post=11912"},{"taxonomy":"post_tag","embeddable":true,"href":"https:\/\/www.tribunanf.com.br\/blogdoralfereis\/wp-json\/wp\/v2\/tags?post=11912"}],"curies":[{"name":"wp","href":"https:\/\/api.w.org\/{rel}","templated":true}]}}