{"id":11859,"date":"2023-10-19T16:38:29","date_gmt":"2023-10-19T19:38:29","guid":{"rendered":"https:\/\/www.tribunanf.com.br\/blogdoralfereis\/?p=11859"},"modified":"2023-10-19T17:10:04","modified_gmt":"2023-10-19T20:10:04","slug":"exclusivo-por-unanimidade-tse-mantem-quebra-de-sigilo-bancario-de-empresas-contratadas-pela-campanha-de-claudio-castro","status":"publish","type":"post","link":"https:\/\/www.tribunanf.com.br\/blogdoralfereis\/2023\/10\/19\/exclusivo-por-unanimidade-tse-mantem-quebra-de-sigilo-bancario-de-empresas-contratadas-pela-campanha-de-claudio-castro\/","title":{"rendered":"Exclusivo: Por unanimidade, TSE mant\u00e9m quebra de sigilo banc\u00e1rio de empresas contratadas pela campanha de Cl\u00e1udio Castro"},"content":{"rendered":"<p><img loading=\"lazy\" decoding=\"async\" class=\"aligncenter size-large wp-image-10993\" src=\"https:\/\/www.tribunanf.com.br\/blogdoralfereis\/wp-content\/uploads\/sites\/11\/2023\/03\/castro_Easy-Resize.com-6-1024x566.jpg\" alt=\"\" width=\"800\" height=\"442\" srcset=\"https:\/\/www.tribunanf.com.br\/blogdoralfereis\/wp-content\/uploads\/sites\/11\/2023\/03\/castro_Easy-Resize.com-6-1024x566.jpg 1024w, https:\/\/www.tribunanf.com.br\/blogdoralfereis\/wp-content\/uploads\/sites\/11\/2023\/03\/castro_Easy-Resize.com-6-300x166.jpg 300w, https:\/\/www.tribunanf.com.br\/blogdoralfereis\/wp-content\/uploads\/sites\/11\/2023\/03\/castro_Easy-Resize.com-6-768x424.jpg 768w, https:\/\/www.tribunanf.com.br\/blogdoralfereis\/wp-content\/uploads\/sites\/11\/2023\/03\/castro_Easy-Resize.com-6.jpg 1280w\" sizes=\"auto, (max-width: 800px) 100vw, 800px\" \/><\/p>\n<p style=\"text-align: justify;\">Por unanimidade, o Tribunal Superior Eleitoral manteve a quebra do sigilo banc\u00e1rio de seis empresas contratadas pela campanha de reelei\u00e7\u00e3o do governador Cl\u00e1udio Castro. A decis\u00e3o ocorreu na \u00faltima semana, mantendo a determina\u00e7\u00e3o do Tribunal Regional Eleitoral do Rio de Janeiro, que ordenou a quebra de sigilo das empresas ap\u00f3s pedido do Minist\u00e9rio P\u00fablico Eleitoral <a href=\"https:\/\/www.tribunanf.com.br\/blogdoralfereis\/2023\/02\/16\/desembargadora-mantem-quebra-de-sigilo-bancario-de-empresas-contratadas-pela-campanha-de-castro\/\">(aqui)<\/a>.<\/p>\n<p style=\"text-align: justify;\">Em agosto, o relator do caso, ministro Benedito Gon\u00e7alves j\u00e1 havia mantida a quebra de sigilo (<strong><a href=\"https:\/\/www.tribunanf.com.br\/blogdoralfereis\/2023\/08\/19\/ministro-do-tse-mantem-quebra-de-sigilo-bancario-de-empresas-contratadas-pela-campanha-de-castro\/\">aqui<\/a><\/strong>). O plen\u00e1rio do TSE negou o recurso do Posto Recreio, alvo da investiga\u00e7\u00e3o, que tentava anular a quebra de sigilo.<\/p>\n<p style=\"text-align: justify;\">As seis empresas que est\u00e3o na mira da Justi\u00e7a Eleitoral ganharam juntas mais de R$ 10 milh\u00f5es da campanha \u00e0 reelei\u00e7\u00e3o do governador, de dinheiro do fundo eleitoral.<\/p>\n<div id=\"chunk-47a0j\" style=\"text-align: justify;\">\n<div class=\"mc-column content-text active-extra-styles \" data-block-type=\"unstyled\" data-block-weight=\"26\" data-block-id=\"5\">\n<p class=\"content-text__container \" data-track-category=\"Link no Texto\" data-track-links=\"\">A desembargadora Alessandra de Ara\u00fajo Bilac determinou em 12 de janeiro a quebra do sigilo banc\u00e1rio de todas as contas de dep\u00f3sito, poupan\u00e7a e de investimentos dos seguintes fornecedores:<\/p>\n<\/div>\n<\/div>\n<div class=\"mc-column content-text active-extra-styles\" data-block-type=\"raw\" data-block-weight=\"20\" data-block-id=\"6\">\n<ul class=\"content-unordered-list\" style=\"text-align: justify;\">\n<li>Cinqloc Empreendimentos<\/li>\n<li>Car Service Log\u00edstica e Eventos<\/li>\n<li>WR car service<\/li>\n<li>Posto Novo Recreio<\/li>\n<li>Vitoraci Comunica\u00e7\u00e3o<\/li>\n<li>e 8em7 Intelig\u00eancia em Comunica\u00e7\u00e3o.<\/li>\n<\/ul>\n<p style=\"text-align: justify;\">Com a decis\u00e3o, todas as movimenta\u00e7\u00f5es financeiras dessas empresas feitas num per\u00edodo de tr\u00eas meses, entre agosto e outubro do ano passado, v\u00e3o ser rastreadas.<\/p>\n<p style=\"text-align: justify;\">Nesse processo, o Minist\u00e9rio P\u00fablico Eleitoral apontou irregularidades nos gastos da campanha de Cl\u00e1udio Castro e pediu a cassa\u00e7\u00e3o do diploma do governador reeleito e do vice Thiago Pampolha.<\/p>\n<p style=\"text-align: justify;\">A procuradoria afirma que h\u00e1 ind\u00edcios de que algumas empresas contratadas pela chapa vencedora n\u00e3o tinham como fornecer os servi\u00e7os.<\/p>\n<p style=\"text-align: justify;\">Confira o ac\u00f3rd\u00e3o do TSE: <a href=\"https:\/\/www.tribunanf.com.br\/blogdoralfereis\/wp-content\/uploads\/sites\/11\/2023\/10\/TSE-Acordao-empresas-campanha-de-Claudio-Castro.pdf\">TSE-Ac\u00f3rd\u00e3o empresas campanha de Cl\u00e1udio Castro<\/a><\/p>\n<\/div>\n","protected":false},"excerpt":{"rendered":"<p>Por unanimidade, o Tribunal Superior Eleitoral manteve a quebra do sigilo banc\u00e1rio de seis empresas contratadas pela campanha de reelei\u00e7\u00e3o&#8230;<\/p>\n","protected":false},"author":2,"featured_media":10993,"comment_status":"open","ping_status":"open","sticky":false,"template":"","format":"standard","meta":{"colormag_page_container_layout":"default_layout","colormag_page_sidebar_layout":"default_layout","jetpack_post_was_ever_published":false,"_jetpack_newsletter_access":"","_jetpack_dont_email_post_to_subs":false,"_jetpack_newsletter_tier_id":0,"_jetpack_memberships_contains_paywalled_content":false,"_jetpack_memberships_contains_paid_content":false,"footnotes":""},"categories":[2],"tags":[],"class_list":["post-11859","post","type-post","status-publish","format-standard","has-post-thumbnail","hentry","category-politica"],"jetpack_featured_media_url":"https:\/\/www.tribunanf.com.br\/blogdoralfereis\/wp-content\/uploads\/sites\/11\/2023\/03\/castro_Easy-Resize.com-6.jpg","jetpack_sharing_enabled":true,"_links":{"self":[{"href":"https:\/\/www.tribunanf.com.br\/blogdoralfereis\/wp-json\/wp\/v2\/posts\/11859","targetHints":{"allow":["GET"]}}],"collection":[{"href":"https:\/\/www.tribunanf.com.br\/blogdoralfereis\/wp-json\/wp\/v2\/posts"}],"about":[{"href":"https:\/\/www.tribunanf.com.br\/blogdoralfereis\/wp-json\/wp\/v2\/types\/post"}],"author":[{"embeddable":true,"href":"https:\/\/www.tribunanf.com.br\/blogdoralfereis\/wp-json\/wp\/v2\/users\/2"}],"replies":[{"embeddable":true,"href":"https:\/\/www.tribunanf.com.br\/blogdoralfereis\/wp-json\/wp\/v2\/comments?post=11859"}],"version-history":[{"count":0,"href":"https:\/\/www.tribunanf.com.br\/blogdoralfereis\/wp-json\/wp\/v2\/posts\/11859\/revisions"}],"wp:featuredmedia":[{"embeddable":true,"href":"https:\/\/www.tribunanf.com.br\/blogdoralfereis\/wp-json\/wp\/v2\/media\/10993"}],"wp:attachment":[{"href":"https:\/\/www.tribunanf.com.br\/blogdoralfereis\/wp-json\/wp\/v2\/media?parent=11859"}],"wp:term":[{"taxonomy":"category","embeddable":true,"href":"https:\/\/www.tribunanf.com.br\/blogdoralfereis\/wp-json\/wp\/v2\/categories?post=11859"},{"taxonomy":"post_tag","embeddable":true,"href":"https:\/\/www.tribunanf.com.br\/blogdoralfereis\/wp-json\/wp\/v2\/tags?post=11859"}],"curies":[{"name":"wp","href":"https:\/\/api.w.org\/{rel}","templated":true}]}}