{"id":11764,"date":"2023-10-04T16:38:02","date_gmt":"2023-10-04T19:38:02","guid":{"rendered":"https:\/\/www.tribunanf.com.br\/blogdoralfereis\/?p=11764"},"modified":"2023-10-04T16:38:27","modified_gmt":"2023-10-04T19:38:27","slug":"comissao-de-agricultura-do-senado-aprova-pl-de-wladimir-do-semiarido-para-campos-e-regiao","status":"publish","type":"post","link":"https:\/\/www.tribunanf.com.br\/blogdoralfereis\/2023\/10\/04\/comissao-de-agricultura-do-senado-aprova-pl-de-wladimir-do-semiarido-para-campos-e-regiao\/","title":{"rendered":"Comiss\u00e3o de Agricultura do Senado aprova PL de Wladimir do semi\u00e1rido para Campos e regi\u00e3o"},"content":{"rendered":"<p><img loading=\"lazy\" decoding=\"async\" class=\"aligncenter size-large wp-image-11765\" src=\"https:\/\/www.tribunanf.com.br\/blogdoralfereis\/wp-content\/uploads\/sites\/11\/2023\/10\/wlad-e-romario_Easy-Resize.com_-1024x1015.jpg\" alt=\"\" width=\"800\" height=\"793\" srcset=\"https:\/\/www.tribunanf.com.br\/blogdoralfereis\/wp-content\/uploads\/sites\/11\/2023\/10\/wlad-e-romario_Easy-Resize.com_-1024x1015.jpg 1024w, https:\/\/www.tribunanf.com.br\/blogdoralfereis\/wp-content\/uploads\/sites\/11\/2023\/10\/wlad-e-romario_Easy-Resize.com_-300x297.jpg 300w, https:\/\/www.tribunanf.com.br\/blogdoralfereis\/wp-content\/uploads\/sites\/11\/2023\/10\/wlad-e-romario_Easy-Resize.com_-150x150.jpg 150w, https:\/\/www.tribunanf.com.br\/blogdoralfereis\/wp-content\/uploads\/sites\/11\/2023\/10\/wlad-e-romario_Easy-Resize.com_-768x761.jpg 768w, https:\/\/www.tribunanf.com.br\/blogdoralfereis\/wp-content\/uploads\/sites\/11\/2023\/10\/wlad-e-romario_Easy-Resize.com_.jpg 1280w\" sizes=\"auto, (max-width: 800px) 100vw, 800px\" \/><\/p>\n<p style=\"text-align: justify;\">A Comiss\u00e3o de Agricultura e Reforma Agr\u00e1ria (CAR) do Senado Federal aprovou, por unanimidade, nesta quarta-feira (10) o relat\u00f3rio do senador Rom\u00e1rio em parecer favor\u00e1vel ao Projeto de Lei 1.440\/19, de autoria do prefeito Wladimir Garotinho, quando deputado federal, que caracteriza o Norte e Noroeste Fluminense como regi\u00e3o de semi\u00e1rido. O projeto amplia a abrang\u00eancia do Benef\u00edcio Garantia-Safra e institui o Fundo de Desenvolvimento Econ\u00f4mico do Norte e Noroeste Fluminense. No dia 26 de setembro do PL 1.440\/19 foi aprovado pela Comiss\u00e3o de Assuntos Econ\u00f4micos (CAE) do Senado.<\/p>\n<p style=\"text-align: justify;\">O prefeito Wladimir Garotinho destaca a import\u00e2ncia do Projeto de Lei. \u201cO objetivo do projeto, que criei quando deputado federal, \u00e9 conseguir reconhecer as caracter\u00edsticas clim\u00e1ticas adversas de Campos e munic\u00edpios vizinhos e, com isso, garantir linhas de cr\u00e9dito para a cadeia produtiva agr\u00edcola da regi\u00e3o, amenizar preju\u00edzos sofridos por nossos produtores rurais e agricultores familiares e, assim, incentivar a expans\u00e3o do agroneg\u00f3cio e a gera\u00e7\u00e3o de emprego e renda no campo. Obrigado aos senadores Romario, Flavio Bolsonaro e Carlos Portinho por lutarem pelo projeto que ser\u00e1 a virada de chave para toda a regi\u00e3o Norte e Noroeste do Rio\u201d. Depois de aprovado na CAE e agora na CAR, o projeto segue para an\u00e1lise pelo plen\u00e1rio do Senado Federal. Participaram da sess\u00e3o integrantes da CAR com destaque e relev\u00e2ncia para o tema, como a senadora Tereza Cristina.<\/p>\n<p style=\"text-align: justify;\">O senador Rom\u00e1rio explicou que o projeto \u201c\u00e9 de grande import\u00e2ncia e relev\u00e2ncia para o Brasil e principalmente para o Estado do Rio, onde ser\u00e3o beneficiadas mais de 15 cidades do Norte e Noroeste Fluminense\u201d. E, complementou que o projeto prev\u00ea a cria\u00e7\u00e3o de Fundo com recursos privados e que n\u00e3o impacta, portanto, as contas p\u00fablicas da Uni\u00e3o.<\/p>\n<p style=\"text-align: justify;\">Em seu relat\u00f3rio, Rom\u00e1rio cita que a proposta do ent\u00e3o deputado federal Wladimir Garotinho demonstrou que os munic\u00edpios da mesorregi\u00e3o do Norte e Noroeste Fluminense apresentam, segundo estudos da Universidade Estadual Norte Fluminense (Uenf), \u201ccaracter\u00edsticas clim\u00e1ticas inalter\u00e1veis para produ\u00e7\u00e3o agr\u00edcola, com \u00edndices pluviom\u00e9tricos baix\u00edssimos, cujo regime vem sofrendo diminui\u00e7\u00e3o dr\u00e1stica, o que contribui negativamente para o desenvolvimento das atividades agr\u00edcolas\u201d.<\/p>\n<p style=\"text-align: justify;\">O Projeto de Lei, proposto pelo ent\u00e3o deputado federal Wladimir Garotinho em 2019, reuniu relat\u00f3rios t\u00e9cnicos, estudos cient\u00edficos e pesquisas que apontaram para a mudan\u00e7a da caracteriza\u00e7\u00e3o do clima regional, em levantamento coordenado pelo professor Jos\u00e9 Carlos Mendon\u00e7a, da Universidade Estadual do Norte Fluminense (Uenf).<\/p>\n<p style=\"text-align: justify;\">O secret\u00e1rio de Agricultura, Pecu\u00e1ria e Pesca de Campos, professor Almy J\u00fanior, assinala: \u201cEssa pauta uniu em 2019 o ent\u00e3o deputado federal Wladimir Garotinho e o engenheiro agr\u00f4nomo Frederico Paes, presidente da maior cooperativa agroindustrial do Estado, a Coagro, e hoje nosso vice-prefeito. Eles t\u00eam buscado esse resultado unindo atores p\u00fablicos, privados, pesquisadores, autoridades, reunindo a academia, e mostrando com informa\u00e7\u00f5es clim\u00e1ticas de mais de 100 anos, que o clima da nossa regi\u00e3o atende os pr\u00e9-requisitos para ser caracterizado como semi\u00e1rido, e que tal condi\u00e7\u00e3o cria dificuldades para o desenvolvimento da agricultura e que por isso precisamos ter acesso a um tratamento diferenciado que potencialize a busca de apoio e recursos para o desenvolvimento do setor\u201d.<\/p>\n<p style=\"text-align: justify;\">ABRANG\u00caNCIA \u2013 No relat\u00f3rio do senador Rom\u00e1rio foram listados 22 munic\u00edpios do Norte e Noroeste Fluminense afetados pelas condi\u00e7\u00f5es clim\u00e1ticas que os caracterizariam como semi\u00e1ridos: Campos dos Goitacazes, Italva, Cardoso Moreira, S\u00e3o Jo\u00e3o da Barra, S\u00e3o Fid\u00e9lis, S\u00e3o Francisco de Itabapoana, Porci\u00fancula, Natividade, Laje do Muria\u00e9, Itaperuna, Bom Jesus do Itabapoana, Varre-Sai, S\u00e3o Jos\u00e9 de Ub\u00e1, Miracema, Itaocara, Cambuci, Aperib\u00e9, Santo Ant\u00f4nio de P\u00e1dua, Carapebus, Concei\u00e7\u00e3o do Macabu, Maca\u00e9 e Quissam\u00e3.<\/p>\n<blockquote class=\"instagram-media\" data-instgrm-captioned data-instgrm-permalink=\"https:\/\/www.instagram.com\/reel\/Cx_MTbjOdMD\/?utm_source=ig_embed&amp;utm_campaign=loading\" data-instgrm-version=\"14\" style=\" background:#FFF; border:0; border-radius:3px; box-shadow:0 0 1px 0 rgba(0,0,0,0.5),0 1px 10px 0 rgba(0,0,0,0.15); margin: 1px; max-width:658px; min-width:326px; padding:0; width:99.375%; width:-webkit-calc(100% - 2px); width:calc(100% - 2px);\">\n<div style=\"padding:16px;\"> <a href=\"https:\/\/www.instagram.com\/reel\/Cx_MTbjOdMD\/?utm_source=ig_embed&amp;utm_campaign=loading\" style=\" background:#FFFFFF; line-height:0; padding:0 0; text-align:center; text-decoration:none; width:100%;\" target=\"_blank\" rel=\"noopener\"> <\/p>\n<div style=\" display: flex; flex-direction: row; align-items: center;\">\n<div style=\"background-color: #F4F4F4; border-radius: 50%; flex-grow: 0; height: 40px; margin-right: 14px; width: 40px;\"><\/div>\n<div style=\"display: flex; flex-direction: column; flex-grow: 1; justify-content: center;\">\n<div style=\" background-color: #F4F4F4; border-radius: 4px; flex-grow: 0; height: 14px; margin-bottom: 6px; width: 100px;\"><\/div>\n<div style=\" background-color: #F4F4F4; border-radius: 4px; flex-grow: 0; height: 14px; width: 60px;\"><\/div>\n<\/div>\n<\/div>\n<div style=\"padding: 19% 0;\"><\/div>\n<div style=\"display:block; height:50px; margin:0 auto 12px; width:50px;\"><svg width=\"50px\" height=\"50px\" viewBox=\"0 0 60 60\" version=\"1.1\" xmlns=\"https:\/\/www.w3.org\/2000\/svg\" xmlns:xlink=\"https:\/\/www.w3.org\/1999\/xlink\"><g stroke=\"none\" stroke-width=\"1\" fill=\"none\" fill-rule=\"evenodd\"><g transform=\"translate(-511.000000, -20.000000)\" fill=\"#000000\"><g><path d=\"M556.869,30.41 C554.814,30.41 553.148,32.076 553.148,34.131 C553.148,36.186 554.814,37.852 556.869,37.852 C558.924,37.852 560.59,36.186 560.59,34.131 C560.59,32.076 558.924,30.41 556.869,30.41 M541,60.657 C535.114,60.657 530.342,55.887 530.342,50 C530.342,44.114 535.114,39.342 541,39.342 C546.887,39.342 551.658,44.114 551.658,50 C551.658,55.887 546.887,60.657 541,60.657 M541,33.886 C532.1,33.886 524.886,41.1 524.886,50 C524.886,58.899 532.1,66.113 541,66.113 C549.9,66.113 557.115,58.899 557.115,50 C557.115,41.1 549.9,33.886 541,33.886 M565.378,62.101 C565.244,65.022 564.756,66.606 564.346,67.663 C563.803,69.06 563.154,70.057 562.106,71.106 C561.058,72.155 560.06,72.803 558.662,73.347 C557.607,73.757 556.021,74.244 553.102,74.378 C549.944,74.521 548.997,74.552 541,74.552 C533.003,74.552 532.056,74.521 528.898,74.378 C525.979,74.244 524.393,73.757 523.338,73.347 C521.94,72.803 520.942,72.155 519.894,71.106 C518.846,70.057 518.197,69.06 517.654,67.663 C517.244,66.606 516.755,65.022 516.623,62.101 C516.479,58.943 516.448,57.996 516.448,50 C516.448,42.003 516.479,41.056 516.623,37.899 C516.755,34.978 517.244,33.391 517.654,32.338 C518.197,30.938 518.846,29.942 519.894,28.894 C520.942,27.846 521.94,27.196 523.338,26.654 C524.393,26.244 525.979,25.756 528.898,25.623 C532.057,25.479 533.004,25.448 541,25.448 C548.997,25.448 549.943,25.479 553.102,25.623 C556.021,25.756 557.607,26.244 558.662,26.654 C560.06,27.196 561.058,27.846 562.106,28.894 C563.154,29.942 563.803,30.938 564.346,32.338 C564.756,33.391 565.244,34.978 565.378,37.899 C565.522,41.056 565.552,42.003 565.552,50 C565.552,57.996 565.522,58.943 565.378,62.101 M570.82,37.631 C570.674,34.438 570.167,32.258 569.425,30.349 C568.659,28.377 567.633,26.702 565.965,25.035 C564.297,23.368 562.623,22.342 560.652,21.575 C558.743,20.834 556.562,20.326 553.369,20.18 C550.169,20.033 549.148,20 541,20 C532.853,20 531.831,20.033 528.631,20.18 C525.438,20.326 523.257,20.834 521.349,21.575 C519.376,22.342 517.703,23.368 516.035,25.035 C514.368,26.702 513.342,28.377 512.574,30.349 C511.834,32.258 511.326,34.438 511.181,37.631 C511.035,40.831 511,41.851 511,50 C511,58.147 511.035,59.17 511.181,62.369 C511.326,65.562 511.834,67.743 512.574,69.651 C513.342,71.625 514.368,73.296 516.035,74.965 C517.703,76.634 519.376,77.658 521.349,78.425 C523.257,79.167 525.438,79.673 528.631,79.82 C531.831,79.965 532.853,80.001 541,80.001 C549.148,80.001 550.169,79.965 553.369,79.82 C556.562,79.673 558.743,79.167 560.652,78.425 C562.623,77.658 564.297,76.634 565.965,74.965 C567.633,73.296 568.659,71.625 569.425,69.651 C570.167,67.743 570.674,65.562 570.82,62.369 C570.966,59.17 571,58.147 571,50 C571,41.851 570.966,40.831 570.82,37.631\"><\/path><\/g><\/g><\/g><\/svg><\/div>\n<div style=\"padding-top: 8px;\">\n<div style=\" color:#3897f0; font-family:Arial,sans-serif; font-size:14px; font-style:normal; font-weight:550; line-height:18px;\">View this post on Instagram<\/div>\n<\/div>\n<div style=\"padding: 12.5% 0;\"><\/div>\n<div style=\"display: flex; flex-direction: row; margin-bottom: 14px; align-items: center;\">\n<div>\n<div style=\"background-color: #F4F4F4; border-radius: 50%; height: 12.5px; width: 12.5px; transform: translateX(0px) translateY(7px);\"><\/div>\n<div style=\"background-color: #F4F4F4; height: 12.5px; transform: rotate(-45deg) translateX(3px) translateY(1px); width: 12.5px; flex-grow: 0; margin-right: 14px; margin-left: 2px;\"><\/div>\n<div style=\"background-color: #F4F4F4; border-radius: 50%; height: 12.5px; width: 12.5px; transform: translateX(9px) translateY(-18px);\"><\/div>\n<\/div>\n<div style=\"margin-left: 8px;\">\n<div style=\" background-color: #F4F4F4; border-radius: 50%; flex-grow: 0; height: 20px; width: 20px;\"><\/div>\n<div style=\" width: 0; height: 0; border-top: 2px solid transparent; border-left: 6px solid #f4f4f4; border-bottom: 2px solid transparent; transform: translateX(16px) translateY(-4px) rotate(30deg)\"><\/div>\n<\/div>\n<div style=\"margin-left: auto;\">\n<div style=\" width: 0px; border-top: 8px solid #F4F4F4; border-right: 8px solid transparent; transform: translateY(16px);\"><\/div>\n<div style=\" background-color: #F4F4F4; flex-grow: 0; height: 12px; width: 16px; transform: translateY(-4px);\"><\/div>\n<div style=\" width: 0; height: 0; border-top: 8px solid #F4F4F4; border-left: 8px solid transparent; transform: translateY(-4px) translateX(8px);\"><\/div>\n<\/div>\n<\/div>\n<div style=\"display: flex; flex-direction: column; flex-grow: 1; justify-content: center; margin-bottom: 24px;\">\n<div style=\" background-color: #F4F4F4; border-radius: 4px; flex-grow: 0; height: 14px; margin-bottom: 6px; width: 224px;\"><\/div>\n<div style=\" background-color: #F4F4F4; border-radius: 4px; flex-grow: 0; height: 14px; width: 144px;\"><\/div>\n<\/div>\n<p><\/a><\/p>\n<p style=\" color:#c9c8cd; font-family:Arial,sans-serif; font-size:14px; line-height:17px; margin-bottom:0; margin-top:8px; overflow:hidden; padding:8px 0 7px; text-align:center; text-overflow:ellipsis; white-space:nowrap;\"><a href=\"https:\/\/www.instagram.com\/reel\/Cx_MTbjOdMD\/?utm_source=ig_embed&amp;utm_campaign=loading\" style=\" color:#c9c8cd; font-family:Arial,sans-serif; font-size:14px; font-style:normal; font-weight:normal; line-height:17px; text-decoration:none;\" target=\"_blank\" rel=\"noopener\">A post shared by Wladimir Garotinho (@wladimirgarotinho)<\/a><\/p>\n<\/div>\n<\/blockquote>\n<p><script async src=\"\/\/platform.instagram.com\/en_US\/embeds.js\"><\/script><\/p>\n<p style=\"text-align: justify;\">Secom*<\/p>\n","protected":false},"excerpt":{"rendered":"<p>A Comiss\u00e3o de Agricultura e Reforma Agr\u00e1ria (CAR) do Senado Federal aprovou, por unanimidade, nesta quarta-feira (10) o relat\u00f3rio do&#8230;<\/p>\n","protected":false},"author":2,"featured_media":11765,"comment_status":"open","ping_status":"open","sticky":false,"template":"","format":"standard","meta":{"colormag_page_container_layout":"default_layout","colormag_page_sidebar_layout":"default_layout","jetpack_post_was_ever_published":false,"_jetpack_newsletter_access":"","_jetpack_dont_email_post_to_subs":false,"_jetpack_newsletter_tier_id":0,"_jetpack_memberships_contains_paywalled_content":false,"_jetpack_memberships_contains_paid_content":false,"footnotes":""},"categories":[2],"tags":[],"class_list":["post-11764","post","type-post","status-publish","format-standard","has-post-thumbnail","hentry","category-politica"],"jetpack_featured_media_url":"https:\/\/www.tribunanf.com.br\/blogdoralfereis\/wp-content\/uploads\/sites\/11\/2023\/10\/wlad-e-romario_Easy-Resize.com_.jpg","jetpack_sharing_enabled":true,"_links":{"self":[{"href":"https:\/\/www.tribunanf.com.br\/blogdoralfereis\/wp-json\/wp\/v2\/posts\/11764","targetHints":{"allow":["GET"]}}],"collection":[{"href":"https:\/\/www.tribunanf.com.br\/blogdoralfereis\/wp-json\/wp\/v2\/posts"}],"about":[{"href":"https:\/\/www.tribunanf.com.br\/blogdoralfereis\/wp-json\/wp\/v2\/types\/post"}],"author":[{"embeddable":true,"href":"https:\/\/www.tribunanf.com.br\/blogdoralfereis\/wp-json\/wp\/v2\/users\/2"}],"replies":[{"embeddable":true,"href":"https:\/\/www.tribunanf.com.br\/blogdoralfereis\/wp-json\/wp\/v2\/comments?post=11764"}],"version-history":[{"count":0,"href":"https:\/\/www.tribunanf.com.br\/blogdoralfereis\/wp-json\/wp\/v2\/posts\/11764\/revisions"}],"wp:featuredmedia":[{"embeddable":true,"href":"https:\/\/www.tribunanf.com.br\/blogdoralfereis\/wp-json\/wp\/v2\/media\/11765"}],"wp:attachment":[{"href":"https:\/\/www.tribunanf.com.br\/blogdoralfereis\/wp-json\/wp\/v2\/media?parent=11764"}],"wp:term":[{"taxonomy":"category","embeddable":true,"href":"https:\/\/www.tribunanf.com.br\/blogdoralfereis\/wp-json\/wp\/v2\/categories?post=11764"},{"taxonomy":"post_tag","embeddable":true,"href":"https:\/\/www.tribunanf.com.br\/blogdoralfereis\/wp-json\/wp\/v2\/tags?post=11764"}],"curies":[{"name":"wp","href":"https:\/\/api.w.org\/{rel}","templated":true}]}}