{"id":11710,"date":"2023-09-22T10:38:59","date_gmt":"2023-09-22T13:38:59","guid":{"rendered":"https:\/\/www.tribunanf.com.br\/blogdoralfereis\/?p=11710"},"modified":"2023-09-22T10:38:59","modified_gmt":"2023-09-22T13:38:59","slug":"wladimir-garotinho-se-posiciona-contra-descriminalizacao-do-aborto-que-esta-em-votacao-no-stf","status":"publish","type":"post","link":"https:\/\/www.tribunanf.com.br\/blogdoralfereis\/2023\/09\/22\/wladimir-garotinho-se-posiciona-contra-descriminalizacao-do-aborto-que-esta-em-votacao-no-stf\/","title":{"rendered":"Wladimir Garotinho se posiciona contra descriminaliza\u00e7\u00e3o do aborto que est\u00e1 em vota\u00e7\u00e3o no STF"},"content":{"rendered":"<p><img loading=\"lazy\" decoding=\"async\" class=\"aligncenter size-full wp-image-5849\" src=\"https:\/\/www.tribunanf.com.br\/blogdoralfereis\/wp-content\/uploads\/sites\/11\/2021\/01\/wlad-e1609931887607.jpg\" alt=\"\" width=\"600\" height=\"600\" \/><\/p>\n<p style=\"text-align: justify;\">O prefeito Wladimir Garotinho utilizou as redes sociais para se posicionar sobre a descriminaliza\u00e7\u00e3o do aborto. O assunto est\u00e1 em vota\u00e7\u00e3o no Supremo Tribunal Federal.<\/p>\n<p style=\"text-align: justify;\">A presidente do STF, ministra Rosa Weber, votou nesta sexta-feira (22) a favor da descriminaliza\u00e7\u00e3o do aborto at\u00e9 a 12\u00aa semana da gravidez. No entanto, um pedido de destaque do ministro Lu\u00eds Roberto Barroso travou o julgamento no plen\u00e1rio virtual e vai lev\u00e1-lo ao plen\u00e1rio f\u00edsico da Corte.<\/p>\n<p style=\"text-align: justify;\">Em seu posicionamento contr\u00e1rio a descriminaliza\u00e7\u00e3o, Wladimir disse que &#8220;Permitir descriminalizar o aborto \u00e9 atentar contra a vida&#8221;.<\/p>\n<p style=\"text-align: justify;\">&#8220;O STF est\u00e1 votando a a\u00e7\u00e3o que permite o aborto com at\u00e9 12 semanas de gesta\u00e7\u00e3o, a\u00e7\u00e3o essa proposta pelo PSOL. Com todo respeito aos ministros da suprema corte, n\u00e3o lhes cabe essa decis\u00e3o. A maioria do povo brasileiro, atrav\u00e9s de seus representantes eleitos, j\u00e1 decidiu que n\u00e3o concorda e que os casos poss\u00edveis de aborto j\u00e1 est\u00e3o previstos em lei. Permitir descriminalizar o aborto \u00e9 atentar contra a vida. O congresso nacional e as lideran\u00e7as pol\u00edticas precisam se posicionar, antes que seja tarde.&#8221;, disse Wladimir Garotinho.<\/p>\n","protected":false},"excerpt":{"rendered":"<p>O prefeito Wladimir Garotinho utilizou as redes sociais para se posicionar sobre a descriminaliza\u00e7\u00e3o do aborto. O assunto est\u00e1 em&#8230;<\/p>\n","protected":false},"author":2,"featured_media":5849,"comment_status":"open","ping_status":"open","sticky":false,"template":"","format":"standard","meta":{"colormag_page_container_layout":"default_layout","colormag_page_sidebar_layout":"default_layout","jetpack_post_was_ever_published":false,"_jetpack_newsletter_access":"","_jetpack_dont_email_post_to_subs":false,"_jetpack_newsletter_tier_id":0,"_jetpack_memberships_contains_paywalled_content":false,"_jetpack_memberships_contains_paid_content":false,"footnotes":""},"categories":[2],"tags":[],"class_list":["post-11710","post","type-post","status-publish","format-standard","has-post-thumbnail","hentry","category-politica"],"jetpack_featured_media_url":"https:\/\/www.tribunanf.com.br\/blogdoralfereis\/wp-content\/uploads\/sites\/11\/2021\/01\/wlad-e1609931887607.jpg","jetpack_sharing_enabled":true,"_links":{"self":[{"href":"https:\/\/www.tribunanf.com.br\/blogdoralfereis\/wp-json\/wp\/v2\/posts\/11710","targetHints":{"allow":["GET"]}}],"collection":[{"href":"https:\/\/www.tribunanf.com.br\/blogdoralfereis\/wp-json\/wp\/v2\/posts"}],"about":[{"href":"https:\/\/www.tribunanf.com.br\/blogdoralfereis\/wp-json\/wp\/v2\/types\/post"}],"author":[{"embeddable":true,"href":"https:\/\/www.tribunanf.com.br\/blogdoralfereis\/wp-json\/wp\/v2\/users\/2"}],"replies":[{"embeddable":true,"href":"https:\/\/www.tribunanf.com.br\/blogdoralfereis\/wp-json\/wp\/v2\/comments?post=11710"}],"version-history":[{"count":0,"href":"https:\/\/www.tribunanf.com.br\/blogdoralfereis\/wp-json\/wp\/v2\/posts\/11710\/revisions"}],"wp:featuredmedia":[{"embeddable":true,"href":"https:\/\/www.tribunanf.com.br\/blogdoralfereis\/wp-json\/wp\/v2\/media\/5849"}],"wp:attachment":[{"href":"https:\/\/www.tribunanf.com.br\/blogdoralfereis\/wp-json\/wp\/v2\/media?parent=11710"}],"wp:term":[{"taxonomy":"category","embeddable":true,"href":"https:\/\/www.tribunanf.com.br\/blogdoralfereis\/wp-json\/wp\/v2\/categories?post=11710"},{"taxonomy":"post_tag","embeddable":true,"href":"https:\/\/www.tribunanf.com.br\/blogdoralfereis\/wp-json\/wp\/v2\/tags?post=11710"}],"curies":[{"name":"wp","href":"https:\/\/api.w.org\/{rel}","templated":true}]}}