{"id":11706,"date":"2023-09-20T08:03:37","date_gmt":"2023-09-20T11:03:37","guid":{"rendered":"https:\/\/www.tribunanf.com.br\/blogdoralfereis\/?p=11706"},"modified":"2023-09-20T08:03:37","modified_gmt":"2023-09-20T11:03:37","slug":"alerj-vota-projeto-que-proibe-carencia-de-plano-de-saude-para-pessoas-com-transtorno-de-espectro-autista","status":"publish","type":"post","link":"https:\/\/www.tribunanf.com.br\/blogdoralfereis\/2023\/09\/20\/alerj-vota-projeto-que-proibe-carencia-de-plano-de-saude-para-pessoas-com-transtorno-de-espectro-autista\/","title":{"rendered":"Alerj vota projeto que pro\u00edbe car\u00eancia de plano de sa\u00fade para pessoas com transtorno de espectro autista"},"content":{"rendered":"<p><img loading=\"lazy\" decoding=\"async\" class=\"aligncenter size-large wp-image-10878\" src=\"https:\/\/www.tribunanf.com.br\/blogdoralfereis\/wp-content\/uploads\/sites\/11\/2023\/02\/bacellar_Easy-Resize.com-1-1024x768.jpg\" alt=\"\" width=\"800\" height=\"600\" srcset=\"https:\/\/www.tribunanf.com.br\/blogdoralfereis\/wp-content\/uploads\/sites\/11\/2023\/02\/bacellar_Easy-Resize.com-1-1024x768.jpg 1024w, https:\/\/www.tribunanf.com.br\/blogdoralfereis\/wp-content\/uploads\/sites\/11\/2023\/02\/bacellar_Easy-Resize.com-1-300x225.jpg 300w, https:\/\/www.tribunanf.com.br\/blogdoralfereis\/wp-content\/uploads\/sites\/11\/2023\/02\/bacellar_Easy-Resize.com-1-768x576.jpg 768w, https:\/\/www.tribunanf.com.br\/blogdoralfereis\/wp-content\/uploads\/sites\/11\/2023\/02\/bacellar_Easy-Resize.com-1.jpg 1280w\" sizes=\"auto, (max-width: 800px) 100vw, 800px\" \/><\/p>\n<p class=\"margintop11\" style=\"text-align: justify;\">A Assembleia Legislativa do Estado do Rio de Janeiro (Alerj) vota, em primeira discuss\u00e3o, nesta quarta-feira (20\/09), o Projeto de Lei 1.489\/23, dos deputados Braz\u00e3o (PL), Rodrigo Bacellar (PL), Rosenverg Reis (MDB), Zeidan (PT), M\u00e1rcio Gualberto (PL), Marina do MST (PT) e Vitor Junior (PDT), que pro\u00edbe a exig\u00eancia de car\u00eancia em planos de sa\u00fade para pessoas com Transtorno do Espectro Autista (TEA). Caso receba emendas, o projeto sair\u00e1 de pauta.<\/p>\n<p class=\"margintop11\" style=\"text-align: justify;\">O descumprimento da medida ser\u00e1 considerado como pr\u00e1tica abusiva, ensejando a aplica\u00e7\u00e3o das san\u00e7\u00f5es administrativas previstas no C\u00f3digo de Defesa do Consumidor, bem como em multa.<\/p>\n<p class=\"margintop11\" style=\"text-align: justify;\">De acordo com os autores, os prazos de car\u00eancia atualmente praticados por muitas operadoras de planos de sa\u00fade ao benefici\u00e1rio autista chegam a levar at\u00e9 24 meses e s\u00e3o estabelecidos com base nos casos de doen\u00e7as preexistentes, o que n\u00e3o pode ser confundido com defici\u00eancia.<\/p>\n<p style=\"text-align: justify;\">Ascom*<\/p>\n","protected":false},"excerpt":{"rendered":"<p>A Assembleia Legislativa do Estado do Rio de Janeiro (Alerj) vota, em primeira discuss\u00e3o, nesta quarta-feira (20\/09), o Projeto de&#8230;<\/p>\n","protected":false},"author":2,"featured_media":10878,"comment_status":"open","ping_status":"open","sticky":false,"template":"","format":"standard","meta":{"colormag_page_container_layout":"default_layout","colormag_page_sidebar_layout":"default_layout","jetpack_post_was_ever_published":false,"_jetpack_newsletter_access":"","_jetpack_dont_email_post_to_subs":false,"_jetpack_newsletter_tier_id":0,"_jetpack_memberships_contains_paywalled_content":false,"_jetpack_memberships_contains_paid_content":false,"footnotes":""},"categories":[2],"tags":[],"class_list":["post-11706","post","type-post","status-publish","format-standard","has-post-thumbnail","hentry","category-politica"],"jetpack_featured_media_url":"https:\/\/www.tribunanf.com.br\/blogdoralfereis\/wp-content\/uploads\/sites\/11\/2023\/02\/bacellar_Easy-Resize.com-1.jpg","jetpack_sharing_enabled":true,"_links":{"self":[{"href":"https:\/\/www.tribunanf.com.br\/blogdoralfereis\/wp-json\/wp\/v2\/posts\/11706","targetHints":{"allow":["GET"]}}],"collection":[{"href":"https:\/\/www.tribunanf.com.br\/blogdoralfereis\/wp-json\/wp\/v2\/posts"}],"about":[{"href":"https:\/\/www.tribunanf.com.br\/blogdoralfereis\/wp-json\/wp\/v2\/types\/post"}],"author":[{"embeddable":true,"href":"https:\/\/www.tribunanf.com.br\/blogdoralfereis\/wp-json\/wp\/v2\/users\/2"}],"replies":[{"embeddable":true,"href":"https:\/\/www.tribunanf.com.br\/blogdoralfereis\/wp-json\/wp\/v2\/comments?post=11706"}],"version-history":[{"count":0,"href":"https:\/\/www.tribunanf.com.br\/blogdoralfereis\/wp-json\/wp\/v2\/posts\/11706\/revisions"}],"wp:featuredmedia":[{"embeddable":true,"href":"https:\/\/www.tribunanf.com.br\/blogdoralfereis\/wp-json\/wp\/v2\/media\/10878"}],"wp:attachment":[{"href":"https:\/\/www.tribunanf.com.br\/blogdoralfereis\/wp-json\/wp\/v2\/media?parent=11706"}],"wp:term":[{"taxonomy":"category","embeddable":true,"href":"https:\/\/www.tribunanf.com.br\/blogdoralfereis\/wp-json\/wp\/v2\/categories?post=11706"},{"taxonomy":"post_tag","embeddable":true,"href":"https:\/\/www.tribunanf.com.br\/blogdoralfereis\/wp-json\/wp\/v2\/tags?post=11706"}],"curies":[{"name":"wp","href":"https:\/\/api.w.org\/{rel}","templated":true}]}}