{"id":11656,"date":"2023-09-06T10:51:42","date_gmt":"2023-09-06T13:51:42","guid":{"rendered":"https:\/\/www.tribunanf.com.br\/blogdoralfereis\/?p=11656"},"modified":"2023-09-06T11:13:12","modified_gmt":"2023-09-06T14:13:12","slug":"toffoli-diz-que-a-prisao-de-lula-foi-uma-armacao-fruto-de-um-projeto-de-poder-de-determinados-agentes-publicos","status":"publish","type":"post","link":"https:\/\/www.tribunanf.com.br\/blogdoralfereis\/2023\/09\/06\/toffoli-diz-que-a-prisao-de-lula-foi-uma-armacao-fruto-de-um-projeto-de-poder-de-determinados-agentes-publicos\/","title":{"rendered":"Toffoli diz que a pris\u00e3o de Lula foi &#8220;uma arma\u00e7\u00e3o fruto de um projeto de poder de determinados agentes p\u00fablicos&#8221;"},"content":{"rendered":"<p><img loading=\"lazy\" decoding=\"async\" class=\"aligncenter size-large wp-image-11657\" src=\"https:\/\/www.tribunanf.com.br\/blogdoralfereis\/wp-content\/uploads\/sites\/11\/2023\/09\/toffoli_Easy-Resize.com_-1024x682.jpg\" alt=\"\" width=\"800\" height=\"533\" srcset=\"https:\/\/www.tribunanf.com.br\/blogdoralfereis\/wp-content\/uploads\/sites\/11\/2023\/09\/toffoli_Easy-Resize.com_-1024x682.jpg 1024w, https:\/\/www.tribunanf.com.br\/blogdoralfereis\/wp-content\/uploads\/sites\/11\/2023\/09\/toffoli_Easy-Resize.com_-300x200.jpg 300w, https:\/\/www.tribunanf.com.br\/blogdoralfereis\/wp-content\/uploads\/sites\/11\/2023\/09\/toffoli_Easy-Resize.com_-768x512.jpg 768w, https:\/\/www.tribunanf.com.br\/blogdoralfereis\/wp-content\/uploads\/sites\/11\/2023\/09\/toffoli_Easy-Resize.com_.jpg 1280w\" sizes=\"auto, (max-width: 800px) 100vw, 800px\" \/><\/p>\n<p style=\"text-align: justify;\">O ministro Dias Toffoli, do Supremo Tribunal Federal, em decis\u00e3o pesada nesta quarta-feira (6) contra setores do judici\u00e1rio, diz que a pris\u00e3o do presidente Lula &#8220;Tratou-se de uma arma\u00e7\u00e3o fruto de um projeto de poder de determinados agentes p\u00fablicos em seu objetivo de conquista do Estado por meios aparentemente legais, mas com m\u00e9todos e a\u00e7\u00f5es contra<br \/>\nlegem.<\/p>\n<p style=\"text-align: justify;\">Conforme publicado em <em>Tribuna NF, <\/em>o ministro declarou imprest\u00e1veis todas as provas do acordo de leni\u00eancia da Odebrecht <strong><a href=\"https:\/\/www.tribunanf.com.br\/toffoli-declara-imprestaveis-todas-as-provas-do-acordo-de-leniencia-da-odebrecht\/\">(aqui)<\/a><\/strong>. Confira \u00e0 \u00edntegra da decis\u00e3o:\u00a0<a href=\"https:\/\/www.tribunanf.com.br\/wp-content\/uploads\/2023\/09\/RCL-Lula-Odebrecht.pdf\">RCL-Lula-Odebrecht<\/a><\/p>\n<p style=\"text-align: justify;\">Confira trecho da decis\u00e3o onde ministro pesa a m\u00e3o contra a Opera\u00e7\u00e3o Lava-jato.<\/p>\n<p style=\"text-align: justify;\">&#8220;Pela gravidade das situa\u00e7\u00f5es estarrecedoras postas nestes autos, somadas a outras tantas decis\u00f5es exaradas pelo STF e tamb\u00e9m tornadas p\u00fablicas e not\u00f3rias, j\u00e1 seria poss\u00edvel, simplesmente, concluir que a pris\u00e3o do reclamante, Luiz In\u00e1cio Lula da Silva, at\u00e9 poder-se-ia chamar de um dos maiores erros judici\u00e1rios da hist\u00f3ria do pa\u00eds.<\/p>\n<p style=\"text-align: justify;\">Mas, na verdade, foi muito pior. Tratou-se de uma arma\u00e7\u00e3o fruto de um projeto de poder de determinados agentes p\u00fablicos em seu objetivo de conquista do Estado por meios aparentemente legais, mas com m\u00e9todos e a\u00e7\u00f5es contra legem.<\/p>\n<p style=\"text-align: justify;\">Digo sem medo de errar, foi o verdadeiro ovo da serpente dos ataques \u00e0 democracia e \u00e0s institui\u00e7\u00f5es que j\u00e1 se prenunciavam em a\u00e7\u00f5es e vozes desses agentes contra as institui\u00e7\u00f5es e ao pr\u00f3prio STF. Ovo esse chocado por autoridades que fizeram desvio de fun\u00e7\u00e3o, agindo em conluio para atingir institui\u00e7\u00f5es, autoridades, empresas e alvos espec\u00edficos.<\/p>\n<p style=\"text-align: justify;\">Sob objetivos aparentemente corretos e necess\u00e1rios, mas sem respeito \u00e0 verdade factual, esses agentes desrespeitaram o devido processo legal, descumpriram decis\u00f5es judiciais superiores, subverteram provas, agiram com parcialidade (vide citada decis\u00e3o do STF) e fora de sua esfera de compet\u00eancia. Enfim, em \u00faltima an\u00e1lise, n\u00e3o distinguiram, propositadamente, inocentes de criminosos. Valeram-se, como j\u00e1 disse em julgamento da Segunda Turma, de uma verdadeira tortura psicol\u00f3gica, UM PAU DE ARARA DO S\u00c9CULO XXI, para obter \u201cprovas\u201d contra inocentes.<\/p>\n<p style=\"text-align: justify;\">Para al\u00e9m, por meios heterodoxos e ilegais atingiram pessoas naturais e jur\u00eddicas, independentemente de sua culpabilidade ou n\u00e3o. E pior, destru\u00edram tecnologias nacionais, empresas, empregos e patrim\u00f4nios p\u00fablicos e privados. Atingiram vidas, ceifadas por tumores adquiridos, acidentes vascular cerebral e ataques card\u00edacos, um deles em plena audi\u00eancia, entre outras consequ\u00eancias f\u00edsicas e mentais Aqui n\u00e3o se est\u00e1 a dizer que no bojo da mencionada opera\u00e7\u00e3o n\u00e3o tenha havido investiga\u00e7\u00e3o de il\u00edcitos verdadeiramente cometidos, apurados e sancionados, mas, ao fim e ao cabo, o que esta Reclama\u00e7\u00e3o deixa evidente \u00e9 que SE UTILIZOU UM COVER-UP DE COMBATE \u00c0 CORRUP\u00c7\u00c3O, COM O INTUITO DE LEVAR UM L\u00cdDER POL\u00cdTICO \u00c0S GRADES, COM PARCIALIDADE E, EM CONLUIO, FORJANDO-SE \u201cPROVAS\u201d.<\/p>\n<p style=\"text-align: justify;\">Centenas de acordos de leni\u00eancias e de dela\u00e7\u00f5es premiadas foram celebrados como meios ileg\u00edtimos de levar INOCENTES \u00e0 pris\u00e3o DELA\u00c7\u00d5ES ESSAS QUE CAEM POR TERRA, DIA AP\u00d3S DIA, ALI\u00c1S.<\/p>\n<p style=\"text-align: justify;\">Tal conluio e parcialidade demonstram, a n\u00e3o mais poder, que houve uma verdadeira conspira\u00e7\u00e3o com o objetivo de colocar um inocente como tendo cometido crimes jamais por ele praticados. Esse vasto apanhado indica que a parcialidade do ju\u00edzo da 13\u00aa Vara Federal de Curitiba extrapolou todos os limites, e com certeza contamina diversos outros procedimentos; porquanto os constantes ajustes e combina\u00e7\u00f5es realizados entre o magistrado e o Parquet e apontados acima representam verdadeiro conluio a inviabilizar o exerc\u00edcio do contradit\u00f3rio e da ampla defesa.&#8221;, diz o trecho da decis\u00e3o de Toffoli.<\/p>\n<blockquote class=\"wp-embedded-content\" data-secret=\"6yAbLVgHRi\"><p><a href=\"https:\/\/www.tribunanf.com.br\/toffoli-declara-imprestaveis-todas-as-provas-do-acordo-de-leniencia-da-odebrecht\/\">Toffoli declara imprest\u00e1veis todas as provas do acordo de leni\u00eancia da Odebrecht<\/a><\/p><\/blockquote>\n<p><iframe loading=\"lazy\" class=\"wp-embedded-content\" sandbox=\"allow-scripts\" security=\"restricted\" style=\"position: absolute; clip: rect(1px, 1px, 1px, 1px);\" title=\"&#8220;Toffoli declara imprest\u00e1veis todas as provas do acordo de leni\u00eancia da Odebrecht&#8221; &#8212; Tribuna NF\" src=\"https:\/\/www.tribunanf.com.br\/toffoli-declara-imprestaveis-todas-as-provas-do-acordo-de-leniencia-da-odebrecht\/embed\/#?secret=Sj7cpoMyKA#?secret=6yAbLVgHRi\" data-secret=\"6yAbLVgHRi\" width=\"600\" height=\"338\" frameborder=\"0\" marginwidth=\"0\" marginheight=\"0\" scrolling=\"no\"><\/iframe><\/p>\n","protected":false},"excerpt":{"rendered":"<p>O ministro Dias Toffoli, do Supremo Tribunal Federal, em decis\u00e3o pesada nesta quarta-feira (6) contra setores do judici\u00e1rio, diz que&#8230;<\/p>\n","protected":false},"author":2,"featured_media":11657,"comment_status":"open","ping_status":"open","sticky":false,"template":"","format":"standard","meta":{"colormag_page_container_layout":"default_layout","colormag_page_sidebar_layout":"default_layout","jetpack_post_was_ever_published":false,"_jetpack_newsletter_access":"","_jetpack_dont_email_post_to_subs":false,"_jetpack_newsletter_tier_id":0,"_jetpack_memberships_contains_paywalled_content":false,"_jetpack_memberships_contains_paid_content":false,"footnotes":""},"categories":[2],"tags":[],"class_list":["post-11656","post","type-post","status-publish","format-standard","has-post-thumbnail","hentry","category-politica"],"jetpack_featured_media_url":"https:\/\/www.tribunanf.com.br\/blogdoralfereis\/wp-content\/uploads\/sites\/11\/2023\/09\/toffoli_Easy-Resize.com_.jpg","jetpack_sharing_enabled":true,"_links":{"self":[{"href":"https:\/\/www.tribunanf.com.br\/blogdoralfereis\/wp-json\/wp\/v2\/posts\/11656","targetHints":{"allow":["GET"]}}],"collection":[{"href":"https:\/\/www.tribunanf.com.br\/blogdoralfereis\/wp-json\/wp\/v2\/posts"}],"about":[{"href":"https:\/\/www.tribunanf.com.br\/blogdoralfereis\/wp-json\/wp\/v2\/types\/post"}],"author":[{"embeddable":true,"href":"https:\/\/www.tribunanf.com.br\/blogdoralfereis\/wp-json\/wp\/v2\/users\/2"}],"replies":[{"embeddable":true,"href":"https:\/\/www.tribunanf.com.br\/blogdoralfereis\/wp-json\/wp\/v2\/comments?post=11656"}],"version-history":[{"count":0,"href":"https:\/\/www.tribunanf.com.br\/blogdoralfereis\/wp-json\/wp\/v2\/posts\/11656\/revisions"}],"wp:featuredmedia":[{"embeddable":true,"href":"https:\/\/www.tribunanf.com.br\/blogdoralfereis\/wp-json\/wp\/v2\/media\/11657"}],"wp:attachment":[{"href":"https:\/\/www.tribunanf.com.br\/blogdoralfereis\/wp-json\/wp\/v2\/media?parent=11656"}],"wp:term":[{"taxonomy":"category","embeddable":true,"href":"https:\/\/www.tribunanf.com.br\/blogdoralfereis\/wp-json\/wp\/v2\/categories?post=11656"},{"taxonomy":"post_tag","embeddable":true,"href":"https:\/\/www.tribunanf.com.br\/blogdoralfereis\/wp-json\/wp\/v2\/tags?post=11656"}],"curies":[{"name":"wp","href":"https:\/\/api.w.org\/{rel}","templated":true}]}}