{"id":11653,"date":"2023-09-05T16:25:03","date_gmt":"2023-09-05T19:25:03","guid":{"rendered":"https:\/\/www.tribunanf.com.br\/blogdoralfereis\/?p=11653"},"modified":"2023-09-05T16:25:03","modified_gmt":"2023-09-05T19:25:03","slug":"prefeitura-de-campos-decreta-ponto-facultativo-nesta-sexta-feira-em-funcao-do-feriado-da-independencia","status":"publish","type":"post","link":"https:\/\/www.tribunanf.com.br\/blogdoralfereis\/2023\/09\/05\/prefeitura-de-campos-decreta-ponto-facultativo-nesta-sexta-feira-em-funcao-do-feriado-da-independencia\/","title":{"rendered":"Prefeitura de Campos decreta Ponto Facultativo nesta sexta-feira em fun\u00e7\u00e3o do feriado da Independ\u00eancia"},"content":{"rendered":"<p><img loading=\"lazy\" decoding=\"async\" class=\"aligncenter size-large wp-image-7440\" src=\"https:\/\/www.tribunanf.com.br\/blogdoralfereis\/wp-content\/uploads\/sites\/11\/2021\/08\/prefeitura-campos-1024x682.jpg\" alt=\"\" width=\"800\" height=\"533\" \/><\/p>\n<p style=\"text-align: justify;\">Considerando o feriado nacional, na pr\u00f3xima quinta-feira (07), referente a Proclama\u00e7\u00e3o da Independ\u00eancia do Brasil, a Prefeitura de Campos publicou no Di\u00e1rio Oficial desta ter\u00e7a-feira (05), por meio do decreto n\u00ba251, ponto facultativo nas reparti\u00e7\u00f5es p\u00fablicas dos \u00f3rg\u00e3os e entidades integrantes da administra\u00e7\u00e3o p\u00fablica municipal direta, aut\u00e1rquica e fundacional, na pr\u00f3xima sexta-feira (08),<\/p>\n<p style=\"text-align: justify;\">Nas reparti\u00e7\u00f5es cujas atividades n\u00e3o possam ser suspensas, em virtude de exig\u00eancias t\u00e9cnicas ou por motivo de interesse p\u00fablico, o expediente ser\u00e1 normal, entretanto, sob a responsabilidade dos respectivos chefes.<\/p>\n<p style=\"text-align: justify;\">Servi\u00e7os essenciais &#8211; Os servi\u00e7os essenciais de sa\u00fade v\u00e3o funcionar normalmente durante o feriado nacional do Dia da Proclama\u00e7\u00e3o da Independ\u00eancia do Brasil. Estar\u00e3o abertos o Hospital Ferreira Machado (HFM), Hospital Geral de Guarus (HGG), Hospital S\u00e3o Jos\u00e9, em Goitacazes, Cl\u00ednica da Crian\u00e7a, em Guarus, Pronto-Socorro Pedi\u00e1trico do Hospital Plantadores de Cana (HPC) e as Unidades Pr\u00e9-Hospitalares (UPH) 24h.<\/p>\n<p style=\"text-align: justify;\">O Hemocentro Regional de Campos tamb\u00e9m funcionar\u00e1 em seu hor\u00e1rio normal, das 7h \u00e0s 18h, a exemplo do que j\u00e1 ocorre diariamente, inclusive, nos finais de semana e feriados.<\/p>\n<p style=\"text-align: justify;\">Os demais servi\u00e7os da Secretaria Municipal da Sa\u00fade, incluindo as Unidades B\u00e1sicas de Sa\u00fade (UBS) e Unidades B\u00e1sicas de Sa\u00fade da Fam\u00edlia (UBSF), s\u00f3 retornar\u00e3o com o atendimento normal na pr\u00f3xima segunda-feira (11).<\/p>\n<p style=\"text-align: justify;\">Vacina\u00e7\u00e3o &#8211; Entre quinta-feira (07) e domingo (10), a secretaria de Sa\u00fade manter\u00e1 a vacina\u00e7\u00e3o contra a Covid-19 e de rotina na Secretaria Municipal de Sa\u00fade e na Cl\u00ednica da Crian\u00e7a, das 8h \u00e0s 17h.<\/p>\n<p style=\"text-align: justify;\">Secom*<\/p>\n","protected":false},"excerpt":{"rendered":"<p>Considerando o feriado nacional, na pr\u00f3xima quinta-feira (07), referente a Proclama\u00e7\u00e3o da Independ\u00eancia do Brasil, a Prefeitura de Campos publicou&#8230;<\/p>\n","protected":false},"author":2,"featured_media":7440,"comment_status":"open","ping_status":"open","sticky":false,"template":"","format":"standard","meta":{"colormag_page_container_layout":"default_layout","colormag_page_sidebar_layout":"default_layout","jetpack_post_was_ever_published":false,"_jetpack_newsletter_access":"","_jetpack_dont_email_post_to_subs":false,"_jetpack_newsletter_tier_id":0,"_jetpack_memberships_contains_paywalled_content":false,"_jetpack_memberships_contains_paid_content":false,"footnotes":""},"categories":[2],"tags":[],"class_list":["post-11653","post","type-post","status-publish","format-standard","has-post-thumbnail","hentry","category-politica"],"jetpack_featured_media_url":"https:\/\/www.tribunanf.com.br\/blogdoralfereis\/wp-content\/uploads\/sites\/11\/2021\/08\/prefeitura-campos-e1629389961928.jpg","jetpack_sharing_enabled":true,"_links":{"self":[{"href":"https:\/\/www.tribunanf.com.br\/blogdoralfereis\/wp-json\/wp\/v2\/posts\/11653","targetHints":{"allow":["GET"]}}],"collection":[{"href":"https:\/\/www.tribunanf.com.br\/blogdoralfereis\/wp-json\/wp\/v2\/posts"}],"about":[{"href":"https:\/\/www.tribunanf.com.br\/blogdoralfereis\/wp-json\/wp\/v2\/types\/post"}],"author":[{"embeddable":true,"href":"https:\/\/www.tribunanf.com.br\/blogdoralfereis\/wp-json\/wp\/v2\/users\/2"}],"replies":[{"embeddable":true,"href":"https:\/\/www.tribunanf.com.br\/blogdoralfereis\/wp-json\/wp\/v2\/comments?post=11653"}],"version-history":[{"count":0,"href":"https:\/\/www.tribunanf.com.br\/blogdoralfereis\/wp-json\/wp\/v2\/posts\/11653\/revisions"}],"wp:featuredmedia":[{"embeddable":true,"href":"https:\/\/www.tribunanf.com.br\/blogdoralfereis\/wp-json\/wp\/v2\/media\/7440"}],"wp:attachment":[{"href":"https:\/\/www.tribunanf.com.br\/blogdoralfereis\/wp-json\/wp\/v2\/media?parent=11653"}],"wp:term":[{"taxonomy":"category","embeddable":true,"href":"https:\/\/www.tribunanf.com.br\/blogdoralfereis\/wp-json\/wp\/v2\/categories?post=11653"},{"taxonomy":"post_tag","embeddable":true,"href":"https:\/\/www.tribunanf.com.br\/blogdoralfereis\/wp-json\/wp\/v2\/tags?post=11653"}],"curies":[{"name":"wp","href":"https:\/\/api.w.org\/{rel}","templated":true}]}}