{"id":11635,"date":"2023-08-30T16:45:45","date_gmt":"2023-08-30T19:45:45","guid":{"rendered":"https:\/\/www.tribunanf.com.br\/blogdoralfereis\/?p=11635"},"modified":"2023-08-30T16:45:45","modified_gmt":"2023-08-30T19:45:45","slug":"wladimir-reune-vereadores-da-base-e-apresenta-lei-orcamentaria-de-2024","status":"publish","type":"post","link":"https:\/\/www.tribunanf.com.br\/blogdoralfereis\/2023\/08\/30\/wladimir-reune-vereadores-da-base-e-apresenta-lei-orcamentaria-de-2024\/","title":{"rendered":"Wladimir re\u00fane vereadores da base e apresenta Lei Or\u00e7ament\u00e1ria de 2024"},"content":{"rendered":"<p><img loading=\"lazy\" decoding=\"async\" class=\"aligncenter size-large wp-image-11636\" src=\"https:\/\/www.tribunanf.com.br\/blogdoralfereis\/wp-content\/uploads\/sites\/11\/2023\/08\/370368507_18238685836230933_8691403969667041028_n_Easy-Resize.com_-1024x938.jpg\" alt=\"\" width=\"800\" height=\"733\" srcset=\"https:\/\/www.tribunanf.com.br\/blogdoralfereis\/wp-content\/uploads\/sites\/11\/2023\/08\/370368507_18238685836230933_8691403969667041028_n_Easy-Resize.com_-1024x938.jpg 1024w, https:\/\/www.tribunanf.com.br\/blogdoralfereis\/wp-content\/uploads\/sites\/11\/2023\/08\/370368507_18238685836230933_8691403969667041028_n_Easy-Resize.com_-300x275.jpg 300w, https:\/\/www.tribunanf.com.br\/blogdoralfereis\/wp-content\/uploads\/sites\/11\/2023\/08\/370368507_18238685836230933_8691403969667041028_n_Easy-Resize.com_-768x704.jpg 768w, https:\/\/www.tribunanf.com.br\/blogdoralfereis\/wp-content\/uploads\/sites\/11\/2023\/08\/370368507_18238685836230933_8691403969667041028_n_Easy-Resize.com_.jpg 1280w\" sizes=\"auto, (max-width: 800px) 100vw, 800px\" \/><\/p>\n<p style=\"text-align: justify;\">O prefeito de Campos Wladimir Garotinho e o vice Frederico Paes se reuniram nesta quarta-feira (30) com os 13 vereadores da base governista. O ponto principal da reuni\u00e3o foi sobre a Lei Or\u00e7ament\u00e1ria de 2024.<\/p>\n<p style=\"text-align: justify;\">O vereador Abdu Neme est\u00e1 na foto.<\/p>\n<p style=\"text-align: justify;\">&#8220;Em reuni\u00e3o com o vice prefeito @fredericopaes e os 13 vereadores da base governista, encaminhamos hoje a Lei Or\u00e7ament\u00e1ria de 2024 para a C\u00e2mara de Vereadores. Importante momento de uni\u00e3o para que no pr\u00f3ximo ano possamos continuar avan\u00e7ando em pol\u00edticas p\u00fablicas que est\u00e3o transformado nossa cidade em um lugar melhor pra se viver. Obrigado aos amigos pela confian\u00e7a e pelo compromisso&#8221;, disse o prefeito nas redes sociais.<\/p>\n","protected":false},"excerpt":{"rendered":"<p>O prefeito de Campos Wladimir Garotinho e o vice Frederico Paes se reuniram nesta quarta-feira (30) com os 13 vereadores&#8230;<\/p>\n","protected":false},"author":2,"featured_media":11636,"comment_status":"open","ping_status":"open","sticky":false,"template":"","format":"standard","meta":{"colormag_page_container_layout":"default_layout","colormag_page_sidebar_layout":"default_layout","jetpack_post_was_ever_published":false,"_jetpack_newsletter_access":"","_jetpack_dont_email_post_to_subs":false,"_jetpack_newsletter_tier_id":0,"_jetpack_memberships_contains_paywalled_content":false,"_jetpack_memberships_contains_paid_content":false,"footnotes":""},"categories":[2],"tags":[],"class_list":["post-11635","post","type-post","status-publish","format-standard","has-post-thumbnail","hentry","category-politica"],"jetpack_featured_media_url":"https:\/\/www.tribunanf.com.br\/blogdoralfereis\/wp-content\/uploads\/sites\/11\/2023\/08\/370368507_18238685836230933_8691403969667041028_n_Easy-Resize.com_.jpg","jetpack_sharing_enabled":true,"_links":{"self":[{"href":"https:\/\/www.tribunanf.com.br\/blogdoralfereis\/wp-json\/wp\/v2\/posts\/11635","targetHints":{"allow":["GET"]}}],"collection":[{"href":"https:\/\/www.tribunanf.com.br\/blogdoralfereis\/wp-json\/wp\/v2\/posts"}],"about":[{"href":"https:\/\/www.tribunanf.com.br\/blogdoralfereis\/wp-json\/wp\/v2\/types\/post"}],"author":[{"embeddable":true,"href":"https:\/\/www.tribunanf.com.br\/blogdoralfereis\/wp-json\/wp\/v2\/users\/2"}],"replies":[{"embeddable":true,"href":"https:\/\/www.tribunanf.com.br\/blogdoralfereis\/wp-json\/wp\/v2\/comments?post=11635"}],"version-history":[{"count":0,"href":"https:\/\/www.tribunanf.com.br\/blogdoralfereis\/wp-json\/wp\/v2\/posts\/11635\/revisions"}],"wp:featuredmedia":[{"embeddable":true,"href":"https:\/\/www.tribunanf.com.br\/blogdoralfereis\/wp-json\/wp\/v2\/media\/11636"}],"wp:attachment":[{"href":"https:\/\/www.tribunanf.com.br\/blogdoralfereis\/wp-json\/wp\/v2\/media?parent=11635"}],"wp:term":[{"taxonomy":"category","embeddable":true,"href":"https:\/\/www.tribunanf.com.br\/blogdoralfereis\/wp-json\/wp\/v2\/categories?post=11635"},{"taxonomy":"post_tag","embeddable":true,"href":"https:\/\/www.tribunanf.com.br\/blogdoralfereis\/wp-json\/wp\/v2\/tags?post=11635"}],"curies":[{"name":"wp","href":"https:\/\/api.w.org\/{rel}","templated":true}]}}