{"id":11581,"date":"2023-08-23T14:09:22","date_gmt":"2023-08-23T17:09:22","guid":{"rendered":"https:\/\/www.tribunanf.com.br\/blogdoralfereis\/?p=11581"},"modified":"2023-08-28T15:54:34","modified_gmt":"2023-08-28T18:54:34","slug":"mprj-abre-inquerito-para-supostas-irregularidades-na-concessao-de-bolsas-universitarias-em-sjb","status":"publish","type":"post","link":"https:\/\/www.tribunanf.com.br\/blogdoralfereis\/2023\/08\/23\/mprj-abre-inquerito-para-supostas-irregularidades-na-concessao-de-bolsas-universitarias-em-sjb\/","title":{"rendered":"MPRJ abre inqu\u00e9rito para apurar supostas irregularidades na concess\u00e3o de bolsas universit\u00e1rias em SJB"},"content":{"rendered":"<p><img loading=\"lazy\" decoding=\"async\" class=\"aligncenter size-full wp-image-3561\" src=\"https:\/\/www.tribunanf.com.br\/blogdoralfereis\/wp-content\/uploads\/sites\/11\/2020\/03\/sjb.jpeg\" alt=\"\" width=\"800\" height=\"591\" srcset=\"https:\/\/www.tribunanf.com.br\/blogdoralfereis\/wp-content\/uploads\/sites\/11\/2020\/03\/sjb.jpeg 800w, https:\/\/www.tribunanf.com.br\/blogdoralfereis\/wp-content\/uploads\/sites\/11\/2020\/03\/sjb-300x222.jpeg 300w, https:\/\/www.tribunanf.com.br\/blogdoralfereis\/wp-content\/uploads\/sites\/11\/2020\/03\/sjb-768x567.jpeg 768w\" sizes=\"auto, (max-width: 800px) 100vw, 800px\" \/><\/p>\n<p style=\"text-align: justify;\">O Minist\u00e9rio P\u00fablico do Estado do Rio de Janeiro instaurou um Inqu\u00e9rito Civil para apurar supostas irregularidades na concess\u00e3o de bolsas para alunos universit\u00e1rios do munic\u00edpio de S\u00e3o Jo\u00e3o da Barra.<\/p>\n<p style=\"text-align: justify;\">A portaria n\u00ba 030\/23, PRJ n\u00ba 2023.00653094, foi publicada no Di\u00e1rio Oficial do MP.<\/p>\n<p style=\"text-align: justify;\">O inqu\u00e9rito apura supostas inobserv\u00e2ncias dos crit\u00e9rio para concess\u00e3o do benef\u00edcio.<\/p>\n<p>\u00c9 que, deixam de aplicar o crit\u00e9rio t\u00e9cnico para adotar o crit\u00e9rio pol\u00edtico.<\/p>\n<p style=\"text-align: justify;\">Vale lembrar, que o Tribunal de Contas j\u00e1 condenou diversos ex-gestores em diversos munic\u00edpios por distribui\u00e7\u00e3o irregular de bolsas.<\/p>\n<p style=\"text-align: justify;\">Em tempo: <strong>Tribuna NF<\/strong> enviou pedido de nota \u00e0 prefeitura de S\u00e3o Jo\u00e3o da Barra. Entretanto, mais uma vez a secretaria de Comunica\u00e7\u00e3o n\u00e3o respondeu aos questionamentos, da mesma forma que ocorreu em outras oportunidades.<\/p>\n","protected":false},"excerpt":{"rendered":"<p>O Minist\u00e9rio P\u00fablico do Estado do Rio de Janeiro instaurou um Inqu\u00e9rito Civil para apurar supostas irregularidades na concess\u00e3o de&#8230;<\/p>\n","protected":false},"author":2,"featured_media":3561,"comment_status":"open","ping_status":"open","sticky":false,"template":"","format":"standard","meta":{"colormag_page_container_layout":"default_layout","colormag_page_sidebar_layout":"default_layout","jetpack_post_was_ever_published":false,"_jetpack_newsletter_access":"","_jetpack_dont_email_post_to_subs":false,"_jetpack_newsletter_tier_id":0,"_jetpack_memberships_contains_paywalled_content":false,"_jetpack_memberships_contains_paid_content":false,"footnotes":""},"categories":[2],"tags":[],"class_list":["post-11581","post","type-post","status-publish","format-standard","has-post-thumbnail","hentry","category-politica"],"jetpack_featured_media_url":"https:\/\/www.tribunanf.com.br\/blogdoralfereis\/wp-content\/uploads\/sites\/11\/2020\/03\/sjb.jpeg","jetpack_sharing_enabled":true,"_links":{"self":[{"href":"https:\/\/www.tribunanf.com.br\/blogdoralfereis\/wp-json\/wp\/v2\/posts\/11581","targetHints":{"allow":["GET"]}}],"collection":[{"href":"https:\/\/www.tribunanf.com.br\/blogdoralfereis\/wp-json\/wp\/v2\/posts"}],"about":[{"href":"https:\/\/www.tribunanf.com.br\/blogdoralfereis\/wp-json\/wp\/v2\/types\/post"}],"author":[{"embeddable":true,"href":"https:\/\/www.tribunanf.com.br\/blogdoralfereis\/wp-json\/wp\/v2\/users\/2"}],"replies":[{"embeddable":true,"href":"https:\/\/www.tribunanf.com.br\/blogdoralfereis\/wp-json\/wp\/v2\/comments?post=11581"}],"version-history":[{"count":0,"href":"https:\/\/www.tribunanf.com.br\/blogdoralfereis\/wp-json\/wp\/v2\/posts\/11581\/revisions"}],"wp:featuredmedia":[{"embeddable":true,"href":"https:\/\/www.tribunanf.com.br\/blogdoralfereis\/wp-json\/wp\/v2\/media\/3561"}],"wp:attachment":[{"href":"https:\/\/www.tribunanf.com.br\/blogdoralfereis\/wp-json\/wp\/v2\/media?parent=11581"}],"wp:term":[{"taxonomy":"category","embeddable":true,"href":"https:\/\/www.tribunanf.com.br\/blogdoralfereis\/wp-json\/wp\/v2\/categories?post=11581"},{"taxonomy":"post_tag","embeddable":true,"href":"https:\/\/www.tribunanf.com.br\/blogdoralfereis\/wp-json\/wp\/v2\/tags?post=11581"}],"curies":[{"name":"wp","href":"https:\/\/api.w.org\/{rel}","templated":true}]}}