{"id":11577,"date":"2023-08-23T09:29:30","date_gmt":"2023-08-23T12:29:30","guid":{"rendered":"https:\/\/www.tribunanf.com.br\/blogdoralfereis\/?p=11577"},"modified":"2023-08-23T09:29:30","modified_gmt":"2023-08-23T12:29:30","slug":"ex-deputado-marcos-muller-e-mais-12-pessoas-viram-reus-por-rachadinha-na-alerj","status":"publish","type":"post","link":"https:\/\/www.tribunanf.com.br\/blogdoralfereis\/2023\/08\/23\/ex-deputado-marcos-muller-e-mais-12-pessoas-viram-reus-por-rachadinha-na-alerj\/","title":{"rendered":"Ex-deputado Marcos Muller e mais 12 pessoas viram r\u00e9us por \u2018rachadinha\u2019 na Alerj"},"content":{"rendered":"<p><img loading=\"lazy\" decoding=\"async\" class=\"aligncenter size-large wp-image-11578\" src=\"https:\/\/www.tribunanf.com.br\/blogdoralfereis\/wp-content\/uploads\/sites\/11\/2023\/08\/deputado-marcus-muller_Easy-Resize.com_-1024x656.jpg\" alt=\"\" width=\"800\" height=\"513\" srcset=\"https:\/\/www.tribunanf.com.br\/blogdoralfereis\/wp-content\/uploads\/sites\/11\/2023\/08\/deputado-marcus-muller_Easy-Resize.com_-1024x656.jpg 1024w, https:\/\/www.tribunanf.com.br\/blogdoralfereis\/wp-content\/uploads\/sites\/11\/2023\/08\/deputado-marcus-muller_Easy-Resize.com_-300x192.jpg 300w, https:\/\/www.tribunanf.com.br\/blogdoralfereis\/wp-content\/uploads\/sites\/11\/2023\/08\/deputado-marcus-muller_Easy-Resize.com_-768x492.jpg 768w, https:\/\/www.tribunanf.com.br\/blogdoralfereis\/wp-content\/uploads\/sites\/11\/2023\/08\/deputado-marcus-muller_Easy-Resize.com_.jpg 1280w\" sizes=\"auto, (max-width: 800px) 100vw, 800px\" \/><\/p>\n<p style=\"text-align: justify;\">Acusado pela pr\u00e1tica da chamada \u201crachadinha\u201d durante seu mandato na Assembleia Legislativa do Rio, o ex-deputado estadual Marcos Muller vai responder \u00e0 a\u00e7\u00e3o penal pelos crimes de peculato (apropria\u00e7\u00e3o de bem p\u00fablico), lavagem de dinheiro e associa\u00e7\u00e3o criminosa. A decis\u00e3o \u00e9 do juiz Alexandre Abrah\u00e3o, da 3\u00aa Vara Criminal Especializada em Organiza\u00e7\u00e3o Criminosa do Rio, que, na segunda-feira (21\/8), aceitou a den\u00fancia do Minist\u00e9rio P\u00fablico contra o ex-deputado e mais 12 pessoas.<\/p>\n<p style=\"text-align: justify;\">As investiga\u00e7\u00f5es apontaram Marcos Muller como o l\u00edder intelectual da organiza\u00e7\u00e3o criminosa. Segundo a den\u00fancia, a estrat\u00e9gia era nomear assessores parlamentares que aceitassem devolver ao parlamentar parte de seus sal\u00e1rios. Em sua decis\u00e3o, o juiz Alexandre Abrah\u00e3o destaca que os ind\u00edcios apontam que &#8220;no curto tempo de an\u00e1lise dos dados Luiz Marcos de Oliveira Muller incorporou ao seu patrim\u00f4nio, pelo menos, R$ 902.132,58.&#8221;.<\/p>\n<p style=\"text-align: justify;\">&#8220;Denota-se que o atuar da Orcrim [organiza\u00e7\u00e3o criminal] tornou-se vi\u00e1vel gra\u00e7as a posi\u00e7\u00e3o pol\u00edtica do denunciado Luiz Marcos de Oliveira Muller, pois enquanto detentor de poder estatal e protagonista, nos atos decis\u00f3rios, manejava a nomea\u00e7\u00e3o dos servidores ocupantes de cargos em comiss\u00e3o do seu gabinete&#8221;, diz a decis\u00e3o.<\/p>\n<p style=\"text-align: justify;\">O ex-deputado \u00e9 acusado ainda de ter comprado im\u00f3veis com o dinheiro da pr\u00e1tica ilegal e colocado no nome de funcion\u00e1rios do gabinete. Al\u00e9m dele, foram denunciados Marcos Eurico Dias Neves, M\u00e1rcia Mara Moreira Costa, Lourance Litaiff, Wesley Litaiff de Melo, Giovani Natti Pinto, Giovanna Moraes Carbone Bezerra, Rafael Peixoto do Nascimento, Denise Dornellas Ferreira, Jefferson Clayton Gomes Cerqueira, Lucinanda Muiler Viera, Fernando da Silva Vieira, e Lucineia de Oliveira Muiler Vieira.<\/p>\n<p style=\"text-align: justify;\">Os r\u00e9us ter\u00e3o que cumprir as seguintes medidas cautelares: comparecimento peri\u00f3dico em ju\u00edzo a cada dois meses; proibi\u00e7\u00e3o de manterem contato com testemunhas e demais pessoas que, de alguma forma, estejam envolvidas nos fatos apurados; proibi\u00e7\u00e3o de ausentarem-se da comarca por prazo superior a dez dias; impossibilidade de entrada e perman\u00eancia em depend\u00eancias dos Poderes Executivo e Legislativo do Munic\u00edpio de S\u00e3o Jo\u00e3o de Meriti (reduto eleitoral de Marcos Muller) e do Estado do Rio; e proibi\u00e7\u00e3o de ocupar qualquer cargo p\u00fablico nas esferas municipal, estadual e federal.<\/p>\n<p style=\"text-align: justify;\">Processo N\u00ba 0069386-12.2023.8.19.0001<\/p>\n<p style=\"text-align: justify;\">Fonte: TJ-RJ<\/p>\n","protected":false},"excerpt":{"rendered":"<p>Acusado pela pr\u00e1tica da chamada \u201crachadinha\u201d durante seu mandato na Assembleia Legislativa do Rio, o ex-deputado estadual Marcos Muller vai&#8230;<\/p>\n","protected":false},"author":2,"featured_media":11578,"comment_status":"open","ping_status":"open","sticky":false,"template":"","format":"standard","meta":{"colormag_page_container_layout":"default_layout","colormag_page_sidebar_layout":"default_layout","jetpack_post_was_ever_published":false,"_jetpack_newsletter_access":"","_jetpack_dont_email_post_to_subs":false,"_jetpack_newsletter_tier_id":0,"_jetpack_memberships_contains_paywalled_content":false,"_jetpack_memberships_contains_paid_content":false,"footnotes":""},"categories":[2],"tags":[],"class_list":["post-11577","post","type-post","status-publish","format-standard","has-post-thumbnail","hentry","category-politica"],"jetpack_featured_media_url":"https:\/\/www.tribunanf.com.br\/blogdoralfereis\/wp-content\/uploads\/sites\/11\/2023\/08\/deputado-marcus-muller_Easy-Resize.com_.jpg","jetpack_sharing_enabled":true,"_links":{"self":[{"href":"https:\/\/www.tribunanf.com.br\/blogdoralfereis\/wp-json\/wp\/v2\/posts\/11577","targetHints":{"allow":["GET"]}}],"collection":[{"href":"https:\/\/www.tribunanf.com.br\/blogdoralfereis\/wp-json\/wp\/v2\/posts"}],"about":[{"href":"https:\/\/www.tribunanf.com.br\/blogdoralfereis\/wp-json\/wp\/v2\/types\/post"}],"author":[{"embeddable":true,"href":"https:\/\/www.tribunanf.com.br\/blogdoralfereis\/wp-json\/wp\/v2\/users\/2"}],"replies":[{"embeddable":true,"href":"https:\/\/www.tribunanf.com.br\/blogdoralfereis\/wp-json\/wp\/v2\/comments?post=11577"}],"version-history":[{"count":0,"href":"https:\/\/www.tribunanf.com.br\/blogdoralfereis\/wp-json\/wp\/v2\/posts\/11577\/revisions"}],"wp:featuredmedia":[{"embeddable":true,"href":"https:\/\/www.tribunanf.com.br\/blogdoralfereis\/wp-json\/wp\/v2\/media\/11578"}],"wp:attachment":[{"href":"https:\/\/www.tribunanf.com.br\/blogdoralfereis\/wp-json\/wp\/v2\/media?parent=11577"}],"wp:term":[{"taxonomy":"category","embeddable":true,"href":"https:\/\/www.tribunanf.com.br\/blogdoralfereis\/wp-json\/wp\/v2\/categories?post=11577"},{"taxonomy":"post_tag","embeddable":true,"href":"https:\/\/www.tribunanf.com.br\/blogdoralfereis\/wp-json\/wp\/v2\/tags?post=11577"}],"curies":[{"name":"wp","href":"https:\/\/api.w.org\/{rel}","templated":true}]}}