{"id":11574,"date":"2023-08-22T21:37:22","date_gmt":"2023-08-23T00:37:22","guid":{"rendered":"https:\/\/www.tribunanf.com.br\/blogdoralfereis\/?p=11574"},"modified":"2023-08-22T21:37:22","modified_gmt":"2023-08-23T00:37:22","slug":"ministerio-publico-do-tce-emite-parecer-favoravel-as-contas-de-2022-do-governo-wladimir-garotinho","status":"publish","type":"post","link":"https:\/\/www.tribunanf.com.br\/blogdoralfereis\/2023\/08\/22\/ministerio-publico-do-tce-emite-parecer-favoravel-as-contas-de-2022-do-governo-wladimir-garotinho\/","title":{"rendered":"Minist\u00e9rio P\u00fablico do TCE emite parecer favor\u00e1vel as contas de 2022 do governo Wladimir Garotinho"},"content":{"rendered":"<p><img loading=\"lazy\" decoding=\"async\" class=\"aligncenter size-large wp-image-10679\" src=\"https:\/\/www.tribunanf.com.br\/blogdoralfereis\/wp-content\/uploads\/sites\/11\/2022\/12\/wlad_Easy-Resize.com-8-1024x682.jpg\" alt=\"\" width=\"800\" height=\"533\" srcset=\"https:\/\/www.tribunanf.com.br\/blogdoralfereis\/wp-content\/uploads\/sites\/11\/2022\/12\/wlad_Easy-Resize.com-8-1024x682.jpg 1024w, https:\/\/www.tribunanf.com.br\/blogdoralfereis\/wp-content\/uploads\/sites\/11\/2022\/12\/wlad_Easy-Resize.com-8-300x200.jpg 300w, https:\/\/www.tribunanf.com.br\/blogdoralfereis\/wp-content\/uploads\/sites\/11\/2022\/12\/wlad_Easy-Resize.com-8-768x512.jpg 768w, https:\/\/www.tribunanf.com.br\/blogdoralfereis\/wp-content\/uploads\/sites\/11\/2022\/12\/wlad_Easy-Resize.com-8.jpg 1280w\" sizes=\"auto, (max-width: 800px) 100vw, 800px\" \/><\/p>\n<p style=\"text-align: justify;\">O Minist\u00e9rio P\u00fablico Especial do Tribunal de Contas do Estado do Rio de Janeiro emitiu parecer favor\u00e1vel as contas de 2022 do governo Wladimir Garotinho.<\/p>\n<p style=\"text-align: justify;\">Al\u00e9m do parquet de contas, o Controle Externo e o Corpo Instrutivo do tribunal tamb\u00e9m opinaram pela aprova\u00e7\u00e3o das contas.<\/p>\n<p style=\"text-align: justify;\">Em 2021, o MPC chegou a pedir a reprova\u00e7\u00e3o (<strong><a href=\"https:\/\/www.tribunanf.com.br\/ministerio-publico-do-tce-pede-reprovacao-das-contas-de-2021-do-governo-wladimir\/\">aqui<\/a><\/strong>), entretanto os Conselheiros aprovaram por unanimidade as contas do primeiro ano da gest\u00e3o Wladimir (<strong><a href=\"https:\/\/www.tribunanf.com.br\/tce-emite-parecer-favoravel-a-aprovacao-de-contas-da-prefeitura-de-campos\/\">aqui<\/a><\/strong>).<\/p>\n<p style=\"text-align: justify;\">Com a aprova\u00e7\u00e3o pelos \u00f3rg\u00e3os internos da Corte de Contas, os Conselheiros devem aprovar as contas do segundo ano de governo sem ressalvas.<\/p>\n<p><img loading=\"lazy\" decoding=\"async\" class=\"aligncenter size-full wp-image-11575\" src=\"https:\/\/www.tribunanf.com.br\/blogdoralfereis\/wp-content\/uploads\/sites\/11\/2023\/08\/WhatsApp-Image-2023-08-22-at-21.30.43.jpeg\" alt=\"\" width=\"584\" height=\"675\" srcset=\"https:\/\/www.tribunanf.com.br\/blogdoralfereis\/wp-content\/uploads\/sites\/11\/2023\/08\/WhatsApp-Image-2023-08-22-at-21.30.43.jpeg 584w, https:\/\/www.tribunanf.com.br\/blogdoralfereis\/wp-content\/uploads\/sites\/11\/2023\/08\/WhatsApp-Image-2023-08-22-at-21.30.43-260x300.jpeg 260w\" sizes=\"auto, (max-width: 584px) 100vw, 584px\" \/><\/p>\n","protected":false},"excerpt":{"rendered":"<p>O Minist\u00e9rio P\u00fablico Especial do Tribunal de Contas do Estado do Rio de Janeiro emitiu parecer favor\u00e1vel as contas de&#8230;<\/p>\n","protected":false},"author":2,"featured_media":10679,"comment_status":"open","ping_status":"open","sticky":false,"template":"","format":"standard","meta":{"colormag_page_container_layout":"default_layout","colormag_page_sidebar_layout":"default_layout","jetpack_post_was_ever_published":false,"_jetpack_newsletter_access":"","_jetpack_dont_email_post_to_subs":false,"_jetpack_newsletter_tier_id":0,"_jetpack_memberships_contains_paywalled_content":false,"_jetpack_memberships_contains_paid_content":false,"footnotes":""},"categories":[2],"tags":[],"class_list":["post-11574","post","type-post","status-publish","format-standard","has-post-thumbnail","hentry","category-politica"],"jetpack_featured_media_url":"https:\/\/www.tribunanf.com.br\/blogdoralfereis\/wp-content\/uploads\/sites\/11\/2022\/12\/wlad_Easy-Resize.com-8.jpg","jetpack_sharing_enabled":true,"_links":{"self":[{"href":"https:\/\/www.tribunanf.com.br\/blogdoralfereis\/wp-json\/wp\/v2\/posts\/11574","targetHints":{"allow":["GET"]}}],"collection":[{"href":"https:\/\/www.tribunanf.com.br\/blogdoralfereis\/wp-json\/wp\/v2\/posts"}],"about":[{"href":"https:\/\/www.tribunanf.com.br\/blogdoralfereis\/wp-json\/wp\/v2\/types\/post"}],"author":[{"embeddable":true,"href":"https:\/\/www.tribunanf.com.br\/blogdoralfereis\/wp-json\/wp\/v2\/users\/2"}],"replies":[{"embeddable":true,"href":"https:\/\/www.tribunanf.com.br\/blogdoralfereis\/wp-json\/wp\/v2\/comments?post=11574"}],"version-history":[{"count":0,"href":"https:\/\/www.tribunanf.com.br\/blogdoralfereis\/wp-json\/wp\/v2\/posts\/11574\/revisions"}],"wp:featuredmedia":[{"embeddable":true,"href":"https:\/\/www.tribunanf.com.br\/blogdoralfereis\/wp-json\/wp\/v2\/media\/10679"}],"wp:attachment":[{"href":"https:\/\/www.tribunanf.com.br\/blogdoralfereis\/wp-json\/wp\/v2\/media?parent=11574"}],"wp:term":[{"taxonomy":"category","embeddable":true,"href":"https:\/\/www.tribunanf.com.br\/blogdoralfereis\/wp-json\/wp\/v2\/categories?post=11574"},{"taxonomy":"post_tag","embeddable":true,"href":"https:\/\/www.tribunanf.com.br\/blogdoralfereis\/wp-json\/wp\/v2\/tags?post=11574"}],"curies":[{"name":"wp","href":"https:\/\/api.w.org\/{rel}","templated":true}]}}