{"id":11571,"date":"2023-08-21T15:34:53","date_gmt":"2023-08-21T18:34:53","guid":{"rendered":"https:\/\/www.tribunanf.com.br\/blogdoralfereis\/?p=11571"},"modified":"2023-08-21T15:34:53","modified_gmt":"2023-08-21T18:34:53","slug":"bradesco-saude-tera-de-pagar-r1-milhao-por-descumprimento-de-liminar","status":"publish","type":"post","link":"https:\/\/www.tribunanf.com.br\/blogdoralfereis\/2023\/08\/21\/bradesco-saude-tera-de-pagar-r1-milhao-por-descumprimento-de-liminar\/","title":{"rendered":"Bradesco Sa\u00fade ter\u00e1 de pagar R$1 milh\u00e3o por descumprimento de liminar"},"content":{"rendered":"<p><img loading=\"lazy\" decoding=\"async\" class=\"aligncenter size-large wp-image-9126\" src=\"https:\/\/www.tribunanf.com.br\/blogdoralfereis\/wp-content\/uploads\/sites\/11\/2022\/04\/tjrj-facebook_Easy-Resize.com_-1024x563.jpg\" alt=\"\" width=\"800\" height=\"440\" srcset=\"https:\/\/www.tribunanf.com.br\/blogdoralfereis\/wp-content\/uploads\/sites\/11\/2022\/04\/tjrj-facebook_Easy-Resize.com_-1024x563.jpg 1024w, https:\/\/www.tribunanf.com.br\/blogdoralfereis\/wp-content\/uploads\/sites\/11\/2022\/04\/tjrj-facebook_Easy-Resize.com_-300x165.jpg 300w, https:\/\/www.tribunanf.com.br\/blogdoralfereis\/wp-content\/uploads\/sites\/11\/2022\/04\/tjrj-facebook_Easy-Resize.com_-768x422.jpg 768w, https:\/\/www.tribunanf.com.br\/blogdoralfereis\/wp-content\/uploads\/sites\/11\/2022\/04\/tjrj-facebook_Easy-Resize.com_.jpg 1280w\" sizes=\"auto, (max-width: 800px) 100vw, 800px\" \/><\/p>\n<p style=\"text-align: justify;\">A 19\u00aa C\u00e2mara de Direito Privado do Tribunal de Justi\u00e7a do Estado do Rio de Janeiro fixou em R$ 1 milh\u00e3o a multa a ser paga pela Bradesco Sa\u00fade pelo descumprimento de uma liminar que a obrigava a fornecer um marca-passo a um paciente e a cobrir as despesas decorrentes da cirurgia e do tratamento. Por unanimidade, o colegiado acompanhou o voto do desembargador Luciano Saboia Rinaldi de Carvalho, relator do caso, e deu parcial provimento ao recurso dos herdeiros do autor da a\u00e7\u00e3o contra a decis\u00e3o que havia reduzido o valor da multa de R$ 2.136.000,00 para R$ 500 mil.<\/p>\n<p style=\"text-align: justify;\">Os herdeiros defendiam que a multa n\u00e3o podia sofrer qualquer redu\u00e7\u00e3o, dada a deliberada recusa da operadora em cumprir a ordem judicial por 1.424 dias. Em seu voto, o relator considerou exagerada a redu\u00e7\u00e3o \u201cdiante da censur\u00e1vel conduta\u201d da Bradesco Sa\u00fade, mas entendeu cab\u00edvel ao caso a aplica\u00e7\u00e3o do dispositivo da san\u00e7\u00e3o premial at\u00edpica (art. 139, IV, CPC).<\/p>\n<p style=\"text-align: justify;\">\u201cO prop\u00f3sito da astreinte \u00e9 compelir o r\u00e9u a satisfazer a obriga\u00e7\u00e3o que lhe foi imposta pelo juiz, dentro do prazo fixado, sem prop\u00f3sito de enriquecer o autor. No caso em tela, o valor final somente atingiu cifra t\u00e3o elevada em raz\u00e3o do descaso da Agravada com o Poder Judici\u00e1rio, sendo oportuno enfatizar que, inicialmente, a multa di\u00e1ria foi arbitrada em R$1.500,00, com absoluta razoabilidade\u201d, escreveu o magistrado.<\/p>\n<p style=\"text-align: justify;\">Contudo, segundo o desembargador Luciano Rinaldi, \u201co regramento processual estabelece meios repressivos e premiais para compelir\/estimular o devedor a cumprir a determina\u00e7\u00e3o judicial, t\u00edpicos e at\u00edpicos\u201d.<\/p>\n<p style=\"text-align: justify;\">\u201cNesse contexto, destacam-se as san\u00e7\u00f5es premiais, que ajudam a formar um sistema de incentivos voltado \u00e0 promo\u00e7\u00e3o de comportamentos socialmente desej\u00e1veis, recompensando condutas virtuosas, cujos efeitos se irradiam para o futuro\u201d, completou, ao se referir a ensinamentos da doutrina e a decis\u00f5es do Superior Tribunal de Justi\u00e7a.<\/p>\n<p style=\"text-align: justify;\">Dessa forma, de acordo com relator, o valor da multa ser\u00e1 de R$ 1 milh\u00e3o, caso a Bradesco Sa\u00fade efetue o dep\u00f3sito judicial do valor em at\u00e9 dez dias corridos ap\u00f3s a publica\u00e7\u00e3o do ac\u00f3rd\u00e3o, impreterivelmente, a despeito da interposi\u00e7\u00e3o de qualquer novo recurso. Ap\u00f3s esse prazo, o valor da astreinte ser\u00e1 restabelecido em sua integralidade (R$2.136.000,00), sem qualquer redu\u00e7\u00e3o, conforme c\u00e1lculos do perito.<\/p>\n<p style=\"text-align: justify;\">Processo 0042344-88.2023.8.19.0000<\/p>\n<p style=\"text-align: justify;\">Fonte: TJ-RJ<\/p>\n","protected":false},"excerpt":{"rendered":"<p>A 19\u00aa C\u00e2mara de Direito Privado do Tribunal de Justi\u00e7a do Estado do Rio de Janeiro fixou em R$ 1&#8230;<\/p>\n","protected":false},"author":2,"featured_media":9126,"comment_status":"open","ping_status":"open","sticky":false,"template":"","format":"standard","meta":{"colormag_page_container_layout":"default_layout","colormag_page_sidebar_layout":"default_layout","jetpack_post_was_ever_published":false,"_jetpack_newsletter_access":"","_jetpack_dont_email_post_to_subs":false,"_jetpack_newsletter_tier_id":0,"_jetpack_memberships_contains_paywalled_content":false,"_jetpack_memberships_contains_paid_content":false,"footnotes":""},"categories":[45],"tags":[],"class_list":["post-11571","post","type-post","status-publish","format-standard","has-post-thumbnail","hentry","category-variedade"],"jetpack_featured_media_url":"https:\/\/www.tribunanf.com.br\/blogdoralfereis\/wp-content\/uploads\/sites\/11\/2022\/04\/tjrj-facebook_Easy-Resize.com_.jpg","jetpack_sharing_enabled":true,"_links":{"self":[{"href":"https:\/\/www.tribunanf.com.br\/blogdoralfereis\/wp-json\/wp\/v2\/posts\/11571","targetHints":{"allow":["GET"]}}],"collection":[{"href":"https:\/\/www.tribunanf.com.br\/blogdoralfereis\/wp-json\/wp\/v2\/posts"}],"about":[{"href":"https:\/\/www.tribunanf.com.br\/blogdoralfereis\/wp-json\/wp\/v2\/types\/post"}],"author":[{"embeddable":true,"href":"https:\/\/www.tribunanf.com.br\/blogdoralfereis\/wp-json\/wp\/v2\/users\/2"}],"replies":[{"embeddable":true,"href":"https:\/\/www.tribunanf.com.br\/blogdoralfereis\/wp-json\/wp\/v2\/comments?post=11571"}],"version-history":[{"count":0,"href":"https:\/\/www.tribunanf.com.br\/blogdoralfereis\/wp-json\/wp\/v2\/posts\/11571\/revisions"}],"wp:featuredmedia":[{"embeddable":true,"href":"https:\/\/www.tribunanf.com.br\/blogdoralfereis\/wp-json\/wp\/v2\/media\/9126"}],"wp:attachment":[{"href":"https:\/\/www.tribunanf.com.br\/blogdoralfereis\/wp-json\/wp\/v2\/media?parent=11571"}],"wp:term":[{"taxonomy":"category","embeddable":true,"href":"https:\/\/www.tribunanf.com.br\/blogdoralfereis\/wp-json\/wp\/v2\/categories?post=11571"},{"taxonomy":"post_tag","embeddable":true,"href":"https:\/\/www.tribunanf.com.br\/blogdoralfereis\/wp-json\/wp\/v2\/tags?post=11571"}],"curies":[{"name":"wp","href":"https:\/\/api.w.org\/{rel}","templated":true}]}}