{"id":11566,"date":"2023-08-20T09:36:37","date_gmt":"2023-08-20T12:36:37","guid":{"rendered":"https:\/\/www.tribunanf.com.br\/blogdoralfereis\/?p=11566"},"modified":"2023-08-20T17:29:58","modified_gmt":"2023-08-20T20:29:58","slug":"ze-dirceu-e-contratado-pelo-ifood-para-ajudar-a-criar-regulamentacao-para-entregadores-autonomos","status":"publish","type":"post","link":"https:\/\/www.tribunanf.com.br\/blogdoralfereis\/2023\/08\/20\/ze-dirceu-e-contratado-pelo-ifood-para-ajudar-a-criar-regulamentacao-para-entregadores-autonomos\/","title":{"rendered":"Z\u00e9 Dirceu \u00e9 contratado pelo IFood para ajudar a criar regulamenta\u00e7\u00e3o para entregadores aut\u00f4nomos"},"content":{"rendered":"<p style=\"text-align: justify;\"><img loading=\"lazy\" decoding=\"async\" class=\"size-large wp-image-11567\" src=\"https:\/\/www.tribunanf.com.br\/blogdoralfereis\/wp-content\/uploads\/sites\/11\/2023\/08\/ze-dirceu_Easy-Resize.com_-1024x682.jpg\" alt=\"\" width=\"800\" height=\"533\" srcset=\"https:\/\/www.tribunanf.com.br\/blogdoralfereis\/wp-content\/uploads\/sites\/11\/2023\/08\/ze-dirceu_Easy-Resize.com_-1024x682.jpg 1024w, https:\/\/www.tribunanf.com.br\/blogdoralfereis\/wp-content\/uploads\/sites\/11\/2023\/08\/ze-dirceu_Easy-Resize.com_-300x200.jpg 300w, https:\/\/www.tribunanf.com.br\/blogdoralfereis\/wp-content\/uploads\/sites\/11\/2023\/08\/ze-dirceu_Easy-Resize.com_-768x512.jpg 768w, https:\/\/www.tribunanf.com.br\/blogdoralfereis\/wp-content\/uploads\/sites\/11\/2023\/08\/ze-dirceu_Easy-Resize.com_.jpg 1280w\" sizes=\"auto, (max-width: 800px) 100vw, 800px\" \/><\/p>\n<p style=\"text-align: justify;\">O ex-deputado federal e ex-ministro da Casa Civil do governo do PT no primeiro mandato de Lula, Jos\u00e9 Dirceu, foi contratado pelo IFood para ajudar a criar uma proposta de regula\u00e7\u00e3o dos entregadores aut\u00f4nomos, das pr\u00f3prias empresas de delivery e do programa de alimenta\u00e7\u00e3o dos trabalhadores. A informa\u00e7\u00e3o \u00e9 do blog do Lauro Jardim, de O Globo.<\/p>\n<p style=\"text-align: justify;\">O iFood, que havia escalado Romero Juc\u00e1 como lobista em Bras\u00edlia, acaba de contratar Z\u00e9 Dirceu para encorpar o time.<\/p>\n<p style=\"text-align: justify;\">Atualiza\u00e7\u00e3o \u00e0s 17h29.<\/p>\n<p style=\"text-align: justify;\">O IFood emite nota:<\/p>\n<p class=\"v1MsoNormal\" style=\"text-align: justify;\"><b><i>&#8220;Nota<\/i><\/b><i><\/i><\/p>\n<p class=\"v1MsoNormal\" style=\"text-align: justify;\"><i>\u00a0<\/i><i>O iFood informa que, diferentemente do que foi publicado, a empresa n\u00e3o contratou Jos\u00e9 Dirceu. A not\u00edcia n\u00e3o procede.&#8221;<\/i><\/p>\n","protected":false},"excerpt":{"rendered":"<p>O ex-deputado federal e ex-ministro da Casa Civil do governo do PT no primeiro mandato de Lula, Jos\u00e9 Dirceu, foi&#8230;<\/p>\n","protected":false},"author":2,"featured_media":11567,"comment_status":"open","ping_status":"open","sticky":false,"template":"","format":"standard","meta":{"colormag_page_container_layout":"default_layout","colormag_page_sidebar_layout":"default_layout","jetpack_post_was_ever_published":false,"_jetpack_newsletter_access":"","_jetpack_dont_email_post_to_subs":false,"_jetpack_newsletter_tier_id":0,"_jetpack_memberships_contains_paywalled_content":false,"_jetpack_memberships_contains_paid_content":false,"footnotes":""},"categories":[2],"tags":[],"class_list":["post-11566","post","type-post","status-publish","format-standard","has-post-thumbnail","hentry","category-politica"],"jetpack_featured_media_url":"https:\/\/www.tribunanf.com.br\/blogdoralfereis\/wp-content\/uploads\/sites\/11\/2023\/08\/ze-dirceu_Easy-Resize.com_.jpg","jetpack_sharing_enabled":true,"_links":{"self":[{"href":"https:\/\/www.tribunanf.com.br\/blogdoralfereis\/wp-json\/wp\/v2\/posts\/11566","targetHints":{"allow":["GET"]}}],"collection":[{"href":"https:\/\/www.tribunanf.com.br\/blogdoralfereis\/wp-json\/wp\/v2\/posts"}],"about":[{"href":"https:\/\/www.tribunanf.com.br\/blogdoralfereis\/wp-json\/wp\/v2\/types\/post"}],"author":[{"embeddable":true,"href":"https:\/\/www.tribunanf.com.br\/blogdoralfereis\/wp-json\/wp\/v2\/users\/2"}],"replies":[{"embeddable":true,"href":"https:\/\/www.tribunanf.com.br\/blogdoralfereis\/wp-json\/wp\/v2\/comments?post=11566"}],"version-history":[{"count":0,"href":"https:\/\/www.tribunanf.com.br\/blogdoralfereis\/wp-json\/wp\/v2\/posts\/11566\/revisions"}],"wp:featuredmedia":[{"embeddable":true,"href":"https:\/\/www.tribunanf.com.br\/blogdoralfereis\/wp-json\/wp\/v2\/media\/11567"}],"wp:attachment":[{"href":"https:\/\/www.tribunanf.com.br\/blogdoralfereis\/wp-json\/wp\/v2\/media?parent=11566"}],"wp:term":[{"taxonomy":"category","embeddable":true,"href":"https:\/\/www.tribunanf.com.br\/blogdoralfereis\/wp-json\/wp\/v2\/categories?post=11566"},{"taxonomy":"post_tag","embeddable":true,"href":"https:\/\/www.tribunanf.com.br\/blogdoralfereis\/wp-json\/wp\/v2\/tags?post=11566"}],"curies":[{"name":"wp","href":"https:\/\/api.w.org\/{rel}","templated":true}]}}