{"id":11548,"date":"2023-08-17T08:28:44","date_gmt":"2023-08-17T11:28:44","guid":{"rendered":"https:\/\/www.tribunanf.com.br\/blogdoralfereis\/?p=11548"},"modified":"2023-08-17T08:28:44","modified_gmt":"2023-08-17T11:28:44","slug":"deputado-aciona-mp-para-garantir-pagamento-do-piso-nacional-do-magisterio-a-professores-estaduais-do-rio","status":"publish","type":"post","link":"https:\/\/www.tribunanf.com.br\/blogdoralfereis\/2023\/08\/17\/deputado-aciona-mp-para-garantir-pagamento-do-piso-nacional-do-magisterio-a-professores-estaduais-do-rio\/","title":{"rendered":"Deputado aciona MP para garantir pagamento do piso nacional do magist\u00e9rio a professores estaduais do Rio"},"content":{"rendered":"<p><img loading=\"lazy\" decoding=\"async\" class=\"aligncenter size-full wp-image-4584\" src=\"https:\/\/www.tribunanf.com.br\/blogdoralfereis\/wp-content\/uploads\/sites\/11\/2020\/07\/palacio_guanabara.jpg\" alt=\"\" width=\"1008\" height=\"567\" srcset=\"https:\/\/www.tribunanf.com.br\/blogdoralfereis\/wp-content\/uploads\/sites\/11\/2020\/07\/palacio_guanabara.jpg 1008w, https:\/\/www.tribunanf.com.br\/blogdoralfereis\/wp-content\/uploads\/sites\/11\/2020\/07\/palacio_guanabara-300x169.jpg 300w, https:\/\/www.tribunanf.com.br\/blogdoralfereis\/wp-content\/uploads\/sites\/11\/2020\/07\/palacio_guanabara-768x432.jpg 768w\" sizes=\"auto, (max-width: 1008px) 100vw, 1008px\" \/><\/p>\n<p style=\"text-align: justify;\">Vice-presidente da Comiss\u00e3o de Educa\u00e7\u00e3o da Assembleia Legislativa do Rio (Alerj), o deputado Vitor J\u00fanior (PDT) entrou com uma representa\u00e7\u00e3o nos minist\u00e9rios p\u00fablicos Federal e Estadual para tentar garantir aos profissionais de educa\u00e7\u00e3o do estado o pagamento do piso nacional do magist\u00e9rio, hoje estipulado em R$ 4.420,00.<\/p>\n<p style=\"text-align: justify;\">O documento pede que sejam adotadas medidas para retirar a educa\u00e7\u00e3o do Regime de Recupera\u00e7\u00e3o Fiscal (RRF), garantindo, assim, o aumento dos servidores \u2013 o pagamento do piso foi uma das reivindica\u00e7\u00f5es da categoria durante a greve deste ano. Os servidores pararam por 44 dias, mas tiveram que voltar ao trabalho por determina\u00e7\u00e3o judicial, que considerou a paralisa\u00e7\u00e3o ilegal.<\/p>\n<p style=\"text-align: justify;\">O governo j\u00e1 vinha alegando que o Regime estaria impedindo o cumprimento da Lei Federal 11.738\/08, que estabelece os reajustes na remunera\u00e7\u00e3o aos educadores. Houve a publica\u00e7\u00e3o de um decreto prevendo uma complementa\u00e7\u00e3o para atingir o piso de quem cumpria carga de 40 horas, mas o montante estava desindexado do plano de cargos e sal\u00e1rios.<\/p>\n<p style=\"text-align: justify;\">\u201cEmbora o Decreto no 48.521, de 26 de maio de 2023, tenha estabelecido o pagamento de \u2018complementa\u00e7\u00e3o remunerat\u00f3ria\u2019 aos servidores integrantes do Quadro do Magist\u00e9rio, com o objetivo de supostamente cumprir o piso nacional para quem cumpre a carga de 40 horas semanais, tal verba n\u00e3o possui a natureza de sal\u00e1rio\u201d, diz um trecho da representa\u00e7\u00e3o.<\/p>\n<p style=\"text-align: justify;\">Al\u00e9m de questionar a aplica\u00e7\u00e3o do RRF no sal\u00e1rio dos profissionais de ensino, o documento apresenta propostas para viabiliza\u00e7\u00e3o desse aumento. O deputado destaca que a lei do piso foi sancionada h\u00e1 15 anos, de forma que os entes federativos pudessem adequar as remunera\u00e7\u00f5es dentro de seus or\u00e7amentos anuais.<\/p>\n<p style=\"text-align: justify;\">Ele tamb\u00e9m lembra que na recente revis\u00e3o do RRF, realizada entre o Estado do Rio e a Uni\u00e3o, as normas e diretrizes fiscais retiraram as despesas com educa\u00e7\u00e3o da base de c\u00e1lculo dos gastos prim\u00e1rias. \u201cO pagamento do piso \u00e9 uma demanda justa, e \u00e9 fundamental que o estado possa implement\u00e1-la. Queremos que o Minist\u00e9rio P\u00fablico se sensibilize para que os sal\u00e1rios sejam reajustados legalmente\u201d, defende.<\/p>\n<p style=\"text-align: justify;\">A representa\u00e7\u00e3o do deputado, contudo, n\u00e3o \u00e9 um ato isolado. Desde o in\u00edcio do ano, os servidores buscam a justi\u00e7a para conseguir o pagamento do piso nacional. O Sindicato Estadual dos Profissionais de Educa\u00e7\u00e3o (Sepe), inclusive, tem uma a\u00e7\u00e3o coletiva nesse sentido. Estima-se que cerca de dez mil a\u00e7\u00f5es j\u00e1 tenham sido ajuizadas, sendo que algo em torno de duas mil tiveram decis\u00f5es favor\u00e1veis em primeira inst\u00e2ncia.<\/p>\n<p style=\"text-align: justify;\">Fonte: Agenda do Poder<\/p>\n","protected":false},"excerpt":{"rendered":"<p>Vice-presidente da Comiss\u00e3o de Educa\u00e7\u00e3o da Assembleia Legislativa do Rio (Alerj), o deputado Vitor J\u00fanior (PDT) entrou com uma representa\u00e7\u00e3o&#8230;<\/p>\n","protected":false},"author":2,"featured_media":4584,"comment_status":"open","ping_status":"open","sticky":false,"template":"","format":"standard","meta":{"colormag_page_container_layout":"default_layout","colormag_page_sidebar_layout":"default_layout","jetpack_post_was_ever_published":false,"_jetpack_newsletter_access":"","_jetpack_dont_email_post_to_subs":false,"_jetpack_newsletter_tier_id":0,"_jetpack_memberships_contains_paywalled_content":false,"_jetpack_memberships_contains_paid_content":false,"footnotes":""},"categories":[2],"tags":[],"class_list":["post-11548","post","type-post","status-publish","format-standard","has-post-thumbnail","hentry","category-politica"],"jetpack_featured_media_url":"https:\/\/www.tribunanf.com.br\/blogdoralfereis\/wp-content\/uploads\/sites\/11\/2020\/07\/palacio_guanabara.jpg","jetpack_sharing_enabled":true,"_links":{"self":[{"href":"https:\/\/www.tribunanf.com.br\/blogdoralfereis\/wp-json\/wp\/v2\/posts\/11548","targetHints":{"allow":["GET"]}}],"collection":[{"href":"https:\/\/www.tribunanf.com.br\/blogdoralfereis\/wp-json\/wp\/v2\/posts"}],"about":[{"href":"https:\/\/www.tribunanf.com.br\/blogdoralfereis\/wp-json\/wp\/v2\/types\/post"}],"author":[{"embeddable":true,"href":"https:\/\/www.tribunanf.com.br\/blogdoralfereis\/wp-json\/wp\/v2\/users\/2"}],"replies":[{"embeddable":true,"href":"https:\/\/www.tribunanf.com.br\/blogdoralfereis\/wp-json\/wp\/v2\/comments?post=11548"}],"version-history":[{"count":0,"href":"https:\/\/www.tribunanf.com.br\/blogdoralfereis\/wp-json\/wp\/v2\/posts\/11548\/revisions"}],"wp:featuredmedia":[{"embeddable":true,"href":"https:\/\/www.tribunanf.com.br\/blogdoralfereis\/wp-json\/wp\/v2\/media\/4584"}],"wp:attachment":[{"href":"https:\/\/www.tribunanf.com.br\/blogdoralfereis\/wp-json\/wp\/v2\/media?parent=11548"}],"wp:term":[{"taxonomy":"category","embeddable":true,"href":"https:\/\/www.tribunanf.com.br\/blogdoralfereis\/wp-json\/wp\/v2\/categories?post=11548"},{"taxonomy":"post_tag","embeddable":true,"href":"https:\/\/www.tribunanf.com.br\/blogdoralfereis\/wp-json\/wp\/v2\/tags?post=11548"}],"curies":[{"name":"wp","href":"https:\/\/api.w.org\/{rel}","templated":true}]}}