{"id":11520,"date":"2023-08-08T14:34:59","date_gmt":"2023-08-08T17:34:59","guid":{"rendered":"https:\/\/www.tribunanf.com.br\/blogdoralfereis\/?p=11520"},"modified":"2023-08-08T14:34:59","modified_gmt":"2023-08-08T17:34:59","slug":"estado-rj-abre-sindicancia-contra-servidores-que-nao-declararam-sispatri","status":"publish","type":"post","link":"https:\/\/www.tribunanf.com.br\/blogdoralfereis\/2023\/08\/08\/estado-rj-abre-sindicancia-contra-servidores-que-nao-declararam-sispatri\/","title":{"rendered":"Estado RJ abre sindic\u00e2ncia contra servidores que n\u00e3o declararam Sispatri"},"content":{"rendered":"<p><img loading=\"lazy\" decoding=\"async\" class=\"aligncenter size-large wp-image-10508\" src=\"https:\/\/www.tribunanf.com.br\/blogdoralfereis\/wp-content\/uploads\/sites\/11\/2022\/11\/palacio-guanabara-2017-32_Easy-Resize.com_-1024x682.jpg\" alt=\"\" width=\"800\" height=\"533\" srcset=\"https:\/\/www.tribunanf.com.br\/blogdoralfereis\/wp-content\/uploads\/sites\/11\/2022\/11\/palacio-guanabara-2017-32_Easy-Resize.com_-1024x682.jpg 1024w, https:\/\/www.tribunanf.com.br\/blogdoralfereis\/wp-content\/uploads\/sites\/11\/2022\/11\/palacio-guanabara-2017-32_Easy-Resize.com_-300x200.jpg 300w, https:\/\/www.tribunanf.com.br\/blogdoralfereis\/wp-content\/uploads\/sites\/11\/2022\/11\/palacio-guanabara-2017-32_Easy-Resize.com_-768x512.jpg 768w, https:\/\/www.tribunanf.com.br\/blogdoralfereis\/wp-content\/uploads\/sites\/11\/2022\/11\/palacio-guanabara-2017-32_Easy-Resize.com_.jpg 1280w\" sizes=\"auto, (max-width: 800px) 100vw, 800px\" \/><\/p>\n<p style=\"text-align: justify;\">O subsecret\u00e1rio de controle interno da Secretaria de Fazenda do Estado do Rio de Janeiro, Francisco Pereira Iglesias, instaurou sindic\u00e2ncia de natureza disciplinar contra servidores p\u00fablicos que n\u00e3o enviaram as declara\u00e7\u00f5es de bens e valores ao Sistema de Registro de Bens dos Agentes P\u00fablicos (Sispatri).<\/p>\n<p style=\"text-align: justify;\">Foram designados dois funcion\u00e1rios que realizar\u00e3o os tr\u00e2mites de apura\u00e7\u00e3o da aus\u00eancia de entrega da documenta\u00e7\u00e3o. Os sindicantes ter\u00e3o 30 dias para realizar o procedimento.<\/p>\n<p style=\"text-align: justify;\">O prazo de entrega da declara\u00e7\u00e3o de bens e valores ao Sistema de Controle de Bens Patrimoniais dos Agentes P\u00fablicos (Sispatri) do Poder Executivo estadual se encerrou no dia 30 de junho. O governo do estado recebeu o total de 92,1% de declara\u00e7\u00f5es dentro do prazo.<\/p>\n<p style=\"text-align: justify;\">Dessa forma, cerca de 13 mil dos mais de 176 mil servidores do Estado do Rio de Janeiro deixaram de enviar as declara\u00e7\u00f5es de bens e valores ao Sistema de Registro de Bens dos Agentes P\u00fablicos (Sispatri). Os funcion\u00e1rios p\u00fablicos que n\u00e3o entregaram o documento no prazo foram enquadrados na situa\u00e7\u00e3o de irregular. As penalidades previstas s\u00e3o: advert\u00eancia, repreens\u00e3o, suspens\u00e3o e at\u00e9 mesmo exonera\u00e7\u00e3o.<\/p>\n<p style=\"text-align: justify;\">A Corregedoria Setorial dos \u00f3rg\u00e3os do estado ser\u00e1 comunicada pelo setor de Recursos Humanos a respeito dos servidores inadimplentes. A partir disso, ser\u00e3o tomadas medidas cab\u00edveis, como a abertura de sindic\u00e2ncia ou abertura de processo administrativo disciplinar (PAD).<\/p>\n<p style=\"text-align: justify;\">A meta da Controladoria-Geral do Estado era de que 98,5% dos servidores enviassem as declara\u00e7\u00f5es.<\/p>\n<p style=\"text-align: justify;\">Fonte: Coluna Servidor, Extra<\/p>\n","protected":false},"excerpt":{"rendered":"<p>O subsecret\u00e1rio de controle interno da Secretaria de Fazenda do Estado do Rio de Janeiro, Francisco Pereira Iglesias, instaurou sindic\u00e2ncia&#8230;<\/p>\n","protected":false},"author":2,"featured_media":10508,"comment_status":"open","ping_status":"open","sticky":false,"template":"","format":"standard","meta":{"colormag_page_container_layout":"default_layout","colormag_page_sidebar_layout":"default_layout","jetpack_post_was_ever_published":false,"_jetpack_newsletter_access":"","_jetpack_dont_email_post_to_subs":false,"_jetpack_newsletter_tier_id":0,"_jetpack_memberships_contains_paywalled_content":false,"_jetpack_memberships_contains_paid_content":false,"footnotes":""},"categories":[2],"tags":[],"class_list":["post-11520","post","type-post","status-publish","format-standard","has-post-thumbnail","hentry","category-politica"],"jetpack_featured_media_url":"https:\/\/www.tribunanf.com.br\/blogdoralfereis\/wp-content\/uploads\/sites\/11\/2022\/11\/palacio-guanabara-2017-32_Easy-Resize.com_.jpg","jetpack_sharing_enabled":true,"_links":{"self":[{"href":"https:\/\/www.tribunanf.com.br\/blogdoralfereis\/wp-json\/wp\/v2\/posts\/11520","targetHints":{"allow":["GET"]}}],"collection":[{"href":"https:\/\/www.tribunanf.com.br\/blogdoralfereis\/wp-json\/wp\/v2\/posts"}],"about":[{"href":"https:\/\/www.tribunanf.com.br\/blogdoralfereis\/wp-json\/wp\/v2\/types\/post"}],"author":[{"embeddable":true,"href":"https:\/\/www.tribunanf.com.br\/blogdoralfereis\/wp-json\/wp\/v2\/users\/2"}],"replies":[{"embeddable":true,"href":"https:\/\/www.tribunanf.com.br\/blogdoralfereis\/wp-json\/wp\/v2\/comments?post=11520"}],"version-history":[{"count":0,"href":"https:\/\/www.tribunanf.com.br\/blogdoralfereis\/wp-json\/wp\/v2\/posts\/11520\/revisions"}],"wp:featuredmedia":[{"embeddable":true,"href":"https:\/\/www.tribunanf.com.br\/blogdoralfereis\/wp-json\/wp\/v2\/media\/10508"}],"wp:attachment":[{"href":"https:\/\/www.tribunanf.com.br\/blogdoralfereis\/wp-json\/wp\/v2\/media?parent=11520"}],"wp:term":[{"taxonomy":"category","embeddable":true,"href":"https:\/\/www.tribunanf.com.br\/blogdoralfereis\/wp-json\/wp\/v2\/categories?post=11520"},{"taxonomy":"post_tag","embeddable":true,"href":"https:\/\/www.tribunanf.com.br\/blogdoralfereis\/wp-json\/wp\/v2\/tags?post=11520"}],"curies":[{"name":"wp","href":"https:\/\/api.w.org\/{rel}","templated":true}]}}