{"id":11470,"date":"2023-07-24T13:21:20","date_gmt":"2023-07-24T16:21:20","guid":{"rendered":"https:\/\/www.tribunanf.com.br\/blogdoralfereis\/?p=11470"},"modified":"2023-07-24T13:25:57","modified_gmt":"2023-07-24T16:25:57","slug":"exclusivo-confira-a-decisao-que-determinou-nova-operacao-no-caso-marielle","status":"publish","type":"post","link":"https:\/\/www.tribunanf.com.br\/blogdoralfereis\/2023\/07\/24\/exclusivo-confira-a-decisao-que-determinou-nova-operacao-no-caso-marielle\/","title":{"rendered":"Exclusivo: Confira a decis\u00e3o que determinou nova opera\u00e7\u00e3o no Caso Marielle"},"content":{"rendered":"<p><img loading=\"lazy\" decoding=\"async\" class=\"aligncenter size-large wp-image-11472\" src=\"https:\/\/www.tribunanf.com.br\/blogdoralfereis\/wp-content\/uploads\/sites\/11\/2023\/07\/Marielle-Franco-2-anos_Easy-Resize.com_-1024x682.jpg\" alt=\"\" width=\"800\" height=\"533\" srcset=\"https:\/\/www.tribunanf.com.br\/blogdoralfereis\/wp-content\/uploads\/sites\/11\/2023\/07\/Marielle-Franco-2-anos_Easy-Resize.com_-1024x682.jpg 1024w, https:\/\/www.tribunanf.com.br\/blogdoralfereis\/wp-content\/uploads\/sites\/11\/2023\/07\/Marielle-Franco-2-anos_Easy-Resize.com_-300x200.jpg 300w, https:\/\/www.tribunanf.com.br\/blogdoralfereis\/wp-content\/uploads\/sites\/11\/2023\/07\/Marielle-Franco-2-anos_Easy-Resize.com_-768x512.jpg 768w, https:\/\/www.tribunanf.com.br\/blogdoralfereis\/wp-content\/uploads\/sites\/11\/2023\/07\/Marielle-Franco-2-anos_Easy-Resize.com_.jpg 1280w\" sizes=\"auto, (max-width: 800px) 100vw, 800px\" \/><\/p>\n<p style=\"text-align: justify;\">O ju\u00edzo da 4\u00aa Vara Criminal da Capital determinou a pris\u00e3o preventiva do ex-bombeiro Maxwell Sim\u00f5es Correa, o Suel, por suspeita de envolvimento na morte da vereadora Marielle Franco e do motorista Anderson Gomes.<\/p>\n<p style=\"text-align: justify;\">Uma opera\u00e7\u00e3o da Pol\u00edcia Federal foi deflagrada na manh\u00e3 desta segunda-feira para o cumprimento da decis\u00e3o, chamada de Opera\u00e7\u00e3o \u00c9lpis (<strong><a href=\"https:\/\/www.tribunanf.com.br\/pf-cumpre-mandado-de-prisao-contra-bombeiro-em-nova-operacao-sobre-morte-de-marielle-e-anderson-no-rio\/\">aqui<\/a><\/strong>).<\/p>\n<p style=\"text-align: justify;\">As provas apresentadas pelo Minist\u00e9rio P\u00fablico apontam a liga\u00e7\u00e3o do ex-bombeiro com o caso, antes, durante e depois dos assassinatos. Na decis\u00e3o, foi determinada ainda que o preso seja transferido para um pres\u00eddio de seguran\u00e7a m\u00e1xima fora do estado, uma vez que ele representa risco \u00e0s investiga\u00e7\u00f5es. At\u00e9 a transfer\u00eancia, ele dever\u00e1 ficar no pres\u00eddio de Bangu I.<\/p>\n<p style=\"text-align: justify;\">As provas que indicam a participa\u00e7\u00e3o de Maxwell tiveram como base a colabora\u00e7\u00e3o premiada de outro acusado, o ex-PM Elcio de Queiroz, homologada pelo TJRJ. Na decis\u00e3o, \u00e9 citada a liga\u00e7\u00e3o entre o ex-bombeiro com Ronie Lessa, que tamb\u00e9m est\u00e1 preso e \u00e9 acusado pelos crimes. Ele teria participado, um dia ap\u00f3s o crime, na troca de placas do ve\u00edculo Cobalt, usado no assassinato, se desfeito das c\u00e1psulas e muni\u00e7\u00f5es usadas, assim como o desmanche do carro.<\/p>\n<p style=\"text-align: justify;\">O ex-bombeiro, de acordo com Elcio, seria o respons\u00e1vel por manter financeiramente sua fam\u00edlia, assim como arcar com as despesas de sua defesa. O objetivo era para evitar o rompimento entre eles. Maxwell teria participa\u00e7\u00e3o em uma organiza\u00e7\u00e3o criminosa, al\u00e9m de patrim\u00f4nio incompat\u00edvel com sua condi\u00e7\u00e3o financeira.<\/p>\n<p style=\"text-align: justify;\">A decis\u00e3o determinou tamb\u00e9m a quebra de sigilo de dados telef\u00f4nicos e telem\u00e1ticos, assim como a expedi\u00e7\u00e3o de sete mandados de busca e apreens\u00e3o para auxiliar nas investiga\u00e7\u00f5es do MP e tamb\u00e9m da Pol\u00edcia Federal.<\/p>\n<p style=\"text-align: justify;\">Confira \u00e0 \u00edntegra da decis\u00e3o aqui: <a href=\"https:\/\/www.tribunanf.com.br\/blogdoralfereis\/wp-content\/uploads\/sites\/11\/2023\/07\/decisao-Caso-Marielle.pdf\">Decis\u00e3o Caso Marielle<\/a><\/p>\n","protected":false},"excerpt":{"rendered":"<p>O ju\u00edzo da 4\u00aa Vara Criminal da Capital determinou a pris\u00e3o preventiva do ex-bombeiro Maxwell Sim\u00f5es Correa, o Suel, por&#8230;<\/p>\n","protected":false},"author":2,"featured_media":11472,"comment_status":"open","ping_status":"open","sticky":false,"template":"","format":"standard","meta":{"colormag_page_container_layout":"default_layout","colormag_page_sidebar_layout":"default_layout","jetpack_post_was_ever_published":false,"_jetpack_newsletter_access":"","_jetpack_dont_email_post_to_subs":false,"_jetpack_newsletter_tier_id":0,"_jetpack_memberships_contains_paywalled_content":false,"_jetpack_memberships_contains_paid_content":false,"footnotes":""},"categories":[2],"tags":[],"class_list":["post-11470","post","type-post","status-publish","format-standard","has-post-thumbnail","hentry","category-politica"],"jetpack_featured_media_url":"https:\/\/www.tribunanf.com.br\/blogdoralfereis\/wp-content\/uploads\/sites\/11\/2023\/07\/Marielle-Franco-2-anos_Easy-Resize.com_.jpg","jetpack_sharing_enabled":true,"_links":{"self":[{"href":"https:\/\/www.tribunanf.com.br\/blogdoralfereis\/wp-json\/wp\/v2\/posts\/11470","targetHints":{"allow":["GET"]}}],"collection":[{"href":"https:\/\/www.tribunanf.com.br\/blogdoralfereis\/wp-json\/wp\/v2\/posts"}],"about":[{"href":"https:\/\/www.tribunanf.com.br\/blogdoralfereis\/wp-json\/wp\/v2\/types\/post"}],"author":[{"embeddable":true,"href":"https:\/\/www.tribunanf.com.br\/blogdoralfereis\/wp-json\/wp\/v2\/users\/2"}],"replies":[{"embeddable":true,"href":"https:\/\/www.tribunanf.com.br\/blogdoralfereis\/wp-json\/wp\/v2\/comments?post=11470"}],"version-history":[{"count":0,"href":"https:\/\/www.tribunanf.com.br\/blogdoralfereis\/wp-json\/wp\/v2\/posts\/11470\/revisions"}],"wp:featuredmedia":[{"embeddable":true,"href":"https:\/\/www.tribunanf.com.br\/blogdoralfereis\/wp-json\/wp\/v2\/media\/11472"}],"wp:attachment":[{"href":"https:\/\/www.tribunanf.com.br\/blogdoralfereis\/wp-json\/wp\/v2\/media?parent=11470"}],"wp:term":[{"taxonomy":"category","embeddable":true,"href":"https:\/\/www.tribunanf.com.br\/blogdoralfereis\/wp-json\/wp\/v2\/categories?post=11470"},{"taxonomy":"post_tag","embeddable":true,"href":"https:\/\/www.tribunanf.com.br\/blogdoralfereis\/wp-json\/wp\/v2\/tags?post=11470"}],"curies":[{"name":"wp","href":"https:\/\/api.w.org\/{rel}","templated":true}]}}