{"id":11402,"date":"2023-07-06T12:07:41","date_gmt":"2023-07-06T15:07:41","guid":{"rendered":"https:\/\/www.tribunanf.com.br\/blogdoralfereis\/?p=11402"},"modified":"2023-07-06T12:07:41","modified_gmt":"2023-07-06T15:07:41","slug":"anpd-aplica-primeira-sancao-por-violacao-a-lei-geral-de-protecao-de-dados","status":"publish","type":"post","link":"https:\/\/www.tribunanf.com.br\/blogdoralfereis\/2023\/07\/06\/anpd-aplica-primeira-sancao-por-violacao-a-lei-geral-de-protecao-de-dados\/","title":{"rendered":"ANPD aplica primeira san\u00e7\u00e3o por viola\u00e7\u00e3o \u00e0 Lei Geral de Prote\u00e7\u00e3o de Dados"},"content":{"rendered":"<p><img loading=\"lazy\" decoding=\"async\" class=\"aligncenter size-full wp-image-11403\" src=\"https:\/\/www.tribunanf.com.br\/blogdoralfereis\/wp-content\/uploads\/sites\/11\/2023\/07\/A-Lei-Geral-de-Protecao-de-Dados-Pessoais.png\" alt=\"\" width=\"800\" height=\"506\" srcset=\"https:\/\/www.tribunanf.com.br\/blogdoralfereis\/wp-content\/uploads\/sites\/11\/2023\/07\/A-Lei-Geral-de-Protecao-de-Dados-Pessoais.png 800w, https:\/\/www.tribunanf.com.br\/blogdoralfereis\/wp-content\/uploads\/sites\/11\/2023\/07\/A-Lei-Geral-de-Protecao-de-Dados-Pessoais-300x190.png 300w, https:\/\/www.tribunanf.com.br\/blogdoralfereis\/wp-content\/uploads\/sites\/11\/2023\/07\/A-Lei-Geral-de-Protecao-de-Dados-Pessoais-768x486.png 768w\" sizes=\"auto, (max-width: 800px) 100vw, 800px\" \/><\/p>\n<p style=\"text-align: justify;\">A Autoridade Nacional de Prote\u00e7\u00e3o de Dados (ANPD) aplicou, nesta quinta-feira (6\/7), a primeira san\u00e7\u00e3o por ind\u00edcios de infra\u00e7\u00e3o \u00e0 Lei Geral de Prote\u00e7\u00e3o de Dados Pessoais (LGPD). Uma microempresa de telecomunica\u00e7\u00f5es recebeu advert\u00eancia e multa total de R$ 14,4 mil.<\/p>\n<p style=\"text-align: justify;\">A advert\u00eancia, sem imposi\u00e7\u00e3o de medidas corretivas, se deu por falta de indica\u00e7\u00e3o do encarregado pelo tratamento de dados pessoais. J\u00e1 as duas multas \u2014 cada uma no valor de R$ 7,2 mil \u2014 foram aplicadas por descumprimento dos deveres relativos \u00e0 fiscaliza\u00e7\u00e3o da ANPD e das hip\u00f3teses em que \u00e9 permitido o tratamento de dados pessoais, conforme a lei.<\/p>\n<p style=\"text-align: justify;\">A multa deve ser paga em at\u00e9 20 dias \u00fateis. Caso a empresa n\u00e3o recorra, o valor poder\u00e1 ser reduzido para R$ 10,8 mil. Se a decis\u00e3o n\u00e3o for cumprida, o processo administrativo ser\u00e1 encaminhado \u00e0 Procuradoria Federal Especializada da ANPD para execu\u00e7\u00e3o da multa, sob pena de inscri\u00e7\u00e3o da autuada na d\u00edvida ativa da Uni\u00e3o e no Cadastro Informativo de Cr\u00e9ditos n\u00e3o Quitados do Setor P\u00fablico Federal (Cadin).<\/p>\n<p style=\"text-align: justify;\">A LGPD foi aprovada em 2018 e entrou em vigor em setembro de 2020. As san\u00e7\u00f5es previstas na lei tiveram um per\u00edodo maior para adapta\u00e7\u00e3o e passaram a valer em agosto de 2021, mas s\u00f3 foram regulamentadas no \u00faltimo m\u00eas de fevereiro.<\/p>\n<p style=\"text-align: justify;\">Entre as penalidades previstas est\u00e3o a advert\u00eancia, a multa de at\u00e9 2% do faturamento da empresa \u2014 limitada a R$ 50 milh\u00f5es \u2014 e o bloqueio dos dados.<\/p>\n<p style=\"text-align: justify;\">Fonte: Conjur<\/p>\n","protected":false},"excerpt":{"rendered":"<p>A Autoridade Nacional de Prote\u00e7\u00e3o de Dados (ANPD) aplicou, nesta quinta-feira (6\/7), a primeira san\u00e7\u00e3o por ind\u00edcios de infra\u00e7\u00e3o \u00e0&#8230;<\/p>\n","protected":false},"author":2,"featured_media":11403,"comment_status":"open","ping_status":"open","sticky":false,"template":"","format":"standard","meta":{"colormag_page_container_layout":"default_layout","colormag_page_sidebar_layout":"default_layout","jetpack_post_was_ever_published":false,"_jetpack_newsletter_access":"","_jetpack_dont_email_post_to_subs":false,"_jetpack_newsletter_tier_id":0,"_jetpack_memberships_contains_paywalled_content":false,"_jetpack_memberships_contains_paid_content":false,"footnotes":""},"categories":[45],"tags":[],"class_list":["post-11402","post","type-post","status-publish","format-standard","has-post-thumbnail","hentry","category-variedade"],"jetpack_featured_media_url":"https:\/\/www.tribunanf.com.br\/blogdoralfereis\/wp-content\/uploads\/sites\/11\/2023\/07\/A-Lei-Geral-de-Protecao-de-Dados-Pessoais.png","jetpack_sharing_enabled":true,"_links":{"self":[{"href":"https:\/\/www.tribunanf.com.br\/blogdoralfereis\/wp-json\/wp\/v2\/posts\/11402","targetHints":{"allow":["GET"]}}],"collection":[{"href":"https:\/\/www.tribunanf.com.br\/blogdoralfereis\/wp-json\/wp\/v2\/posts"}],"about":[{"href":"https:\/\/www.tribunanf.com.br\/blogdoralfereis\/wp-json\/wp\/v2\/types\/post"}],"author":[{"embeddable":true,"href":"https:\/\/www.tribunanf.com.br\/blogdoralfereis\/wp-json\/wp\/v2\/users\/2"}],"replies":[{"embeddable":true,"href":"https:\/\/www.tribunanf.com.br\/blogdoralfereis\/wp-json\/wp\/v2\/comments?post=11402"}],"version-history":[{"count":0,"href":"https:\/\/www.tribunanf.com.br\/blogdoralfereis\/wp-json\/wp\/v2\/posts\/11402\/revisions"}],"wp:featuredmedia":[{"embeddable":true,"href":"https:\/\/www.tribunanf.com.br\/blogdoralfereis\/wp-json\/wp\/v2\/media\/11403"}],"wp:attachment":[{"href":"https:\/\/www.tribunanf.com.br\/blogdoralfereis\/wp-json\/wp\/v2\/media?parent=11402"}],"wp:term":[{"taxonomy":"category","embeddable":true,"href":"https:\/\/www.tribunanf.com.br\/blogdoralfereis\/wp-json\/wp\/v2\/categories?post=11402"},{"taxonomy":"post_tag","embeddable":true,"href":"https:\/\/www.tribunanf.com.br\/blogdoralfereis\/wp-json\/wp\/v2\/tags?post=11402"}],"curies":[{"name":"wp","href":"https:\/\/api.w.org\/{rel}","templated":true}]}}