{"id":11391,"date":"2023-06-30T15:01:54","date_gmt":"2023-06-30T18:01:54","guid":{"rendered":"https:\/\/www.tribunanf.com.br\/blogdoralfereis\/?p=11391"},"modified":"2023-06-30T15:01:54","modified_gmt":"2023-06-30T18:01:54","slug":"garotinho-e-marquinho-bacellar-se-reunem-na-camara-de-campos","status":"publish","type":"post","link":"https:\/\/www.tribunanf.com.br\/blogdoralfereis\/2023\/06\/30\/garotinho-e-marquinho-bacellar-se-reunem-na-camara-de-campos\/","title":{"rendered":"Garotinho e Marquinho Bacellar se re\u00fanem na C\u00e2mara de Campos"},"content":{"rendered":"<p><img loading=\"lazy\" decoding=\"async\" class=\"aligncenter size-large wp-image-11392\" src=\"https:\/\/www.tribunanf.com.br\/blogdoralfereis\/wp-content\/uploads\/sites\/11\/2023\/06\/WhatsApp-Image-2023-06-30-at-12.52.41-e1688141762285-770x470-1_Easy-Resize.com_-1024x625.jpg\" alt=\"\" width=\"800\" height=\"488\" srcset=\"https:\/\/www.tribunanf.com.br\/blogdoralfereis\/wp-content\/uploads\/sites\/11\/2023\/06\/WhatsApp-Image-2023-06-30-at-12.52.41-e1688141762285-770x470-1_Easy-Resize.com_-1024x625.jpg 1024w, https:\/\/www.tribunanf.com.br\/blogdoralfereis\/wp-content\/uploads\/sites\/11\/2023\/06\/WhatsApp-Image-2023-06-30-at-12.52.41-e1688141762285-770x470-1_Easy-Resize.com_-300x183.jpg 300w, https:\/\/www.tribunanf.com.br\/blogdoralfereis\/wp-content\/uploads\/sites\/11\/2023\/06\/WhatsApp-Image-2023-06-30-at-12.52.41-e1688141762285-770x470-1_Easy-Resize.com_-768x469.jpg 768w, https:\/\/www.tribunanf.com.br\/blogdoralfereis\/wp-content\/uploads\/sites\/11\/2023\/06\/WhatsApp-Image-2023-06-30-at-12.52.41-e1688141762285-770x470-1_Easy-Resize.com_.jpg 1280w\" sizes=\"auto, (max-width: 800px) 100vw, 800px\" \/><\/p>\n<p style=\"text-align: justify;\">O ex-governador Anthony Garotinho e o presidente da C\u00e2mara Municipal de Campos, Marquinho Bacellar, se reuniram nesta sexta-feira (30) na sede do legislativo.<\/p>\n<p style=\"text-align: justify;\">Garotinho foi \u00e0 C\u00e2mara para o vel\u00f3rio do professor e ex-vereador H\u00e9lio Coelho.<\/p>\n<p style=\"text-align: justify;\">Ap\u00f3s o vel\u00f3rio, Garotinho recebeu um convite de vereadores para visitar o gabinete do presidente do legislativo.<\/p>\n<p style=\"text-align: justify;\">&#8220;Ap\u00f3s o vel\u00f3rio do ex-presidente da C\u00e2mara, H\u00e9lio Coelho, recebi junto aos colegas vereadores, o ex-vereador Thiago Virg\u00edlio e o ex-governador Anthony Garotinho, que trouxe pautas e demandas para o Legislativo. Mesmo estando em lados opostos em ideias e atitude, como representante da popula\u00e7\u00e3o, estaremos sempre abertos ao di\u00e1logo com equil\u00edbrio e maturidade\u201d, disse Bacellar nas redes sociais.<\/p>\n<p style=\"text-align: justify;\">O ex-governador tamb\u00e9m utilizou as redes sociais para comentar a visita:<\/p>\n<p style=\"text-align: justify;\">&#8220;Estive hoje pela manh\u00e3 no vel\u00f3rio do meu amigo e grande homem p\u00fablico H\u00c9LIO COELHO realizado na C\u00c2MARA MUNICIPAL. Ao final fui convidado pelo amigo Thiago Virg\u00edlio para comparecer na presid\u00eancia da C\u00c2MARA onde alguns vereadores estavam reunidos e agrade\u00e7o a cordialidade que fui recebido pelo presidente Marquinhos Bacellar.&#8221;, disse Garotinho complementando que &#8220;Apesar do carinho o caf\u00e9 estava frio.&#8221;.<\/p>\n","protected":false},"excerpt":{"rendered":"<p>O ex-governador Anthony Garotinho e o presidente da C\u00e2mara Municipal de Campos, Marquinho Bacellar, se reuniram nesta sexta-feira (30) na&#8230;<\/p>\n","protected":false},"author":2,"featured_media":11392,"comment_status":"open","ping_status":"open","sticky":false,"template":"","format":"standard","meta":{"colormag_page_container_layout":"default_layout","colormag_page_sidebar_layout":"default_layout","jetpack_post_was_ever_published":false,"_jetpack_newsletter_access":"","_jetpack_dont_email_post_to_subs":false,"_jetpack_newsletter_tier_id":0,"_jetpack_memberships_contains_paywalled_content":false,"_jetpack_memberships_contains_paid_content":false,"footnotes":""},"categories":[2],"tags":[],"class_list":["post-11391","post","type-post","status-publish","format-standard","has-post-thumbnail","hentry","category-politica"],"jetpack_featured_media_url":"https:\/\/www.tribunanf.com.br\/blogdoralfereis\/wp-content\/uploads\/sites\/11\/2023\/06\/WhatsApp-Image-2023-06-30-at-12.52.41-e1688141762285-770x470-1_Easy-Resize.com_.jpg","jetpack_sharing_enabled":true,"_links":{"self":[{"href":"https:\/\/www.tribunanf.com.br\/blogdoralfereis\/wp-json\/wp\/v2\/posts\/11391","targetHints":{"allow":["GET"]}}],"collection":[{"href":"https:\/\/www.tribunanf.com.br\/blogdoralfereis\/wp-json\/wp\/v2\/posts"}],"about":[{"href":"https:\/\/www.tribunanf.com.br\/blogdoralfereis\/wp-json\/wp\/v2\/types\/post"}],"author":[{"embeddable":true,"href":"https:\/\/www.tribunanf.com.br\/blogdoralfereis\/wp-json\/wp\/v2\/users\/2"}],"replies":[{"embeddable":true,"href":"https:\/\/www.tribunanf.com.br\/blogdoralfereis\/wp-json\/wp\/v2\/comments?post=11391"}],"version-history":[{"count":0,"href":"https:\/\/www.tribunanf.com.br\/blogdoralfereis\/wp-json\/wp\/v2\/posts\/11391\/revisions"}],"wp:featuredmedia":[{"embeddable":true,"href":"https:\/\/www.tribunanf.com.br\/blogdoralfereis\/wp-json\/wp\/v2\/media\/11392"}],"wp:attachment":[{"href":"https:\/\/www.tribunanf.com.br\/blogdoralfereis\/wp-json\/wp\/v2\/media?parent=11391"}],"wp:term":[{"taxonomy":"category","embeddable":true,"href":"https:\/\/www.tribunanf.com.br\/blogdoralfereis\/wp-json\/wp\/v2\/categories?post=11391"},{"taxonomy":"post_tag","embeddable":true,"href":"https:\/\/www.tribunanf.com.br\/blogdoralfereis\/wp-json\/wp\/v2\/tags?post=11391"}],"curies":[{"name":"wp","href":"https:\/\/api.w.org\/{rel}","templated":true}]}}