{"id":11388,"date":"2023-06-29T20:00:33","date_gmt":"2023-06-29T23:00:33","guid":{"rendered":"https:\/\/www.tribunanf.com.br\/blogdoralfereis\/?p=11388"},"modified":"2023-06-29T20:00:33","modified_gmt":"2023-06-29T23:00:33","slug":"assembleia-da-rede-estadual-de-educacao-do-rj-decide-pela-suspensao-da-greve","status":"publish","type":"post","link":"https:\/\/www.tribunanf.com.br\/blogdoralfereis\/2023\/06\/29\/assembleia-da-rede-estadual-de-educacao-do-rj-decide-pela-suspensao-da-greve\/","title":{"rendered":"Assembleia da rede estadual de Educa\u00e7\u00e3o do RJ decide pela suspens\u00e3o da greve"},"content":{"rendered":"<p><img loading=\"lazy\" decoding=\"async\" class=\"aligncenter size-large wp-image-11389\" src=\"https:\/\/www.tribunanf.com.br\/blogdoralfereis\/wp-content\/uploads\/sites\/11\/2023\/06\/whatsapp-image-2023-06-29-at-17.31.21_Easy-Resize.com_-1024x768.jpg\" alt=\"\" width=\"800\" height=\"600\" srcset=\"https:\/\/www.tribunanf.com.br\/blogdoralfereis\/wp-content\/uploads\/sites\/11\/2023\/06\/whatsapp-image-2023-06-29-at-17.31.21_Easy-Resize.com_-1024x768.jpg 1024w, https:\/\/www.tribunanf.com.br\/blogdoralfereis\/wp-content\/uploads\/sites\/11\/2023\/06\/whatsapp-image-2023-06-29-at-17.31.21_Easy-Resize.com_-300x225.jpg 300w, https:\/\/www.tribunanf.com.br\/blogdoralfereis\/wp-content\/uploads\/sites\/11\/2023\/06\/whatsapp-image-2023-06-29-at-17.31.21_Easy-Resize.com_-768x576.jpg 768w, https:\/\/www.tribunanf.com.br\/blogdoralfereis\/wp-content\/uploads\/sites\/11\/2023\/06\/whatsapp-image-2023-06-29-at-17.31.21_Easy-Resize.com_.jpg 1280w\" sizes=\"auto, (max-width: 800px) 100vw, 800px\" \/><\/p>\n<p style=\"text-align: justify;\">Os profissionais de educa\u00e7\u00e3o da rede estadual RJ, reunidos na tarde desta quinta-feira (29), em assembleia na quadra da S\u00e3o Clemente (Cidade Nova), decidiram, por ampla maioria, pela suspens\u00e3o da greve e retorno ao estado de mobiliza\u00e7\u00e3o \u2013 significa que a categoria continua mobilizada para fazer cumprir as suas reivindica\u00e7\u00f5es.<\/p>\n<p style=\"text-align: justify;\">Com isso, as aulas recome\u00e7am normalmente a partir desta sexta-feira , dia 30 de junho.<\/p>\n<p style=\"text-align: justify;\">Foi aprovada, tamb\u00e9m, nova assembleia dia 8 de julho.<\/p>\n","protected":false},"excerpt":{"rendered":"<p>Os profissionais de educa\u00e7\u00e3o da rede estadual RJ, reunidos na tarde desta quinta-feira (29), em assembleia na quadra da S\u00e3o&#8230;<\/p>\n","protected":false},"author":2,"featured_media":11389,"comment_status":"open","ping_status":"open","sticky":false,"template":"","format":"standard","meta":{"colormag_page_container_layout":"default_layout","colormag_page_sidebar_layout":"default_layout","jetpack_post_was_ever_published":false,"_jetpack_newsletter_access":"","_jetpack_dont_email_post_to_subs":false,"_jetpack_newsletter_tier_id":0,"_jetpack_memberships_contains_paywalled_content":false,"_jetpack_memberships_contains_paid_content":false,"footnotes":""},"categories":[2],"tags":[],"class_list":["post-11388","post","type-post","status-publish","format-standard","has-post-thumbnail","hentry","category-politica"],"jetpack_featured_media_url":"https:\/\/www.tribunanf.com.br\/blogdoralfereis\/wp-content\/uploads\/sites\/11\/2023\/06\/whatsapp-image-2023-06-29-at-17.31.21_Easy-Resize.com_.jpg","jetpack_sharing_enabled":true,"_links":{"self":[{"href":"https:\/\/www.tribunanf.com.br\/blogdoralfereis\/wp-json\/wp\/v2\/posts\/11388","targetHints":{"allow":["GET"]}}],"collection":[{"href":"https:\/\/www.tribunanf.com.br\/blogdoralfereis\/wp-json\/wp\/v2\/posts"}],"about":[{"href":"https:\/\/www.tribunanf.com.br\/blogdoralfereis\/wp-json\/wp\/v2\/types\/post"}],"author":[{"embeddable":true,"href":"https:\/\/www.tribunanf.com.br\/blogdoralfereis\/wp-json\/wp\/v2\/users\/2"}],"replies":[{"embeddable":true,"href":"https:\/\/www.tribunanf.com.br\/blogdoralfereis\/wp-json\/wp\/v2\/comments?post=11388"}],"version-history":[{"count":0,"href":"https:\/\/www.tribunanf.com.br\/blogdoralfereis\/wp-json\/wp\/v2\/posts\/11388\/revisions"}],"wp:featuredmedia":[{"embeddable":true,"href":"https:\/\/www.tribunanf.com.br\/blogdoralfereis\/wp-json\/wp\/v2\/media\/11389"}],"wp:attachment":[{"href":"https:\/\/www.tribunanf.com.br\/blogdoralfereis\/wp-json\/wp\/v2\/media?parent=11388"}],"wp:term":[{"taxonomy":"category","embeddable":true,"href":"https:\/\/www.tribunanf.com.br\/blogdoralfereis\/wp-json\/wp\/v2\/categories?post=11388"},{"taxonomy":"post_tag","embeddable":true,"href":"https:\/\/www.tribunanf.com.br\/blogdoralfereis\/wp-json\/wp\/v2\/tags?post=11388"}],"curies":[{"name":"wp","href":"https:\/\/api.w.org\/{rel}","templated":true}]}}