{"id":11348,"date":"2023-06-22T15:44:52","date_gmt":"2023-06-22T18:44:52","guid":{"rendered":"https:\/\/www.tribunanf.com.br\/blogdoralfereis\/?p=11348"},"modified":"2023-06-22T15:44:52","modified_gmt":"2023-06-22T18:44:52","slug":"alerj-realizara-audiencia-publica-em-mato-escuro-sobre-conflitos-socioambientais-na-regiao-do-porto-do-acu","status":"publish","type":"post","link":"https:\/\/www.tribunanf.com.br\/blogdoralfereis\/2023\/06\/22\/alerj-realizara-audiencia-publica-em-mato-escuro-sobre-conflitos-socioambientais-na-regiao-do-porto-do-acu\/","title":{"rendered":"Alerj realizar\u00e1 audi\u00eancia p\u00fablica em Mato Escuro sobre conflitos socioambientais na regi\u00e3o do Porto do A\u00e7u"},"content":{"rendered":"<p><img loading=\"lazy\" decoding=\"async\" class=\"aligncenter size-full wp-image-11349\" src=\"https:\/\/www.tribunanf.com.br\/blogdoralfereis\/wp-content\/uploads\/sites\/11\/2023\/06\/WhatsApp-Image-2023-06-22-at-15.43.54.jpeg\" alt=\"\" width=\"676\" height=\"676\" srcset=\"https:\/\/www.tribunanf.com.br\/blogdoralfereis\/wp-content\/uploads\/sites\/11\/2023\/06\/WhatsApp-Image-2023-06-22-at-15.43.54.jpeg 676w, https:\/\/www.tribunanf.com.br\/blogdoralfereis\/wp-content\/uploads\/sites\/11\/2023\/06\/WhatsApp-Image-2023-06-22-at-15.43.54-300x300.jpeg 300w, https:\/\/www.tribunanf.com.br\/blogdoralfereis\/wp-content\/uploads\/sites\/11\/2023\/06\/WhatsApp-Image-2023-06-22-at-15.43.54-150x150.jpeg 150w\" sizes=\"auto, (max-width: 676px) 100vw, 676px\" \/><\/p>\n<p style=\"text-align: justify;\">No dia 30 de junho, sexta-feira, \u00e0s 17h, ocorrer\u00e1 uma Audi\u00eancia P\u00fablica sobre os Conflitos Socioambientais na regi\u00e3o do A\u00e7u, em S\u00e3o Jo\u00e3o da Barra. Ela ocorrer\u00e1 no Centro Municipal de Educa\u00e7\u00e3o Avan\u00e7ada, em Mato Escuro.<\/p>\n<p style=\"text-align: justify;\">Problemas como a falta de acessos a bens naturais p\u00fablicos, a posse das terras, a rela\u00e7\u00e3o com institui\u00e7\u00f5es p\u00fablicas ser\u00e3o abordadas nesta audi\u00eancia.<\/p>\n<p style=\"text-align: justify;\">Esta audi\u00eancia \u00e9 promovida pela Assembleia Legislativa do Estado do Rio de Janeiro \u2013 ALERJ, atrav\u00e9s atrav\u00e9s da Comiss\u00e3o de Trabalho, presidida pela Deputada Estadual Dani Balbi (PCdoB) e pela Comiss\u00e3o de Seguran\u00e7a Alimentar, presidida pela Deputada Estadual Marina do MST (PT). O autor do requerimento de audi\u00eancia foi o Deputado Estadual Flavio Serafini (PSOL).<\/p>\n<p style=\"text-align: justify;\">Fonte: <strong><a href=\"https:\/\/blogdopedlowski.com\/\" target=\"_blank\" rel=\"noopener\">Blog do Professor Marcos Pedlowski<\/a><\/strong><\/p>\n","protected":false},"excerpt":{"rendered":"<p>No dia 30 de junho, sexta-feira, \u00e0s 17h, ocorrer\u00e1 uma Audi\u00eancia P\u00fablica sobre os Conflitos Socioambientais na regi\u00e3o do A\u00e7u,&#8230;<\/p>\n","protected":false},"author":2,"featured_media":11349,"comment_status":"open","ping_status":"open","sticky":false,"template":"","format":"standard","meta":{"colormag_page_container_layout":"default_layout","colormag_page_sidebar_layout":"default_layout","jetpack_post_was_ever_published":false,"_jetpack_newsletter_access":"","_jetpack_dont_email_post_to_subs":false,"_jetpack_newsletter_tier_id":0,"_jetpack_memberships_contains_paywalled_content":false,"_jetpack_memberships_contains_paid_content":false,"footnotes":""},"categories":[2],"tags":[],"class_list":["post-11348","post","type-post","status-publish","format-standard","has-post-thumbnail","hentry","category-politica"],"jetpack_featured_media_url":"https:\/\/www.tribunanf.com.br\/blogdoralfereis\/wp-content\/uploads\/sites\/11\/2023\/06\/WhatsApp-Image-2023-06-22-at-15.43.54.jpeg","jetpack_sharing_enabled":true,"_links":{"self":[{"href":"https:\/\/www.tribunanf.com.br\/blogdoralfereis\/wp-json\/wp\/v2\/posts\/11348","targetHints":{"allow":["GET"]}}],"collection":[{"href":"https:\/\/www.tribunanf.com.br\/blogdoralfereis\/wp-json\/wp\/v2\/posts"}],"about":[{"href":"https:\/\/www.tribunanf.com.br\/blogdoralfereis\/wp-json\/wp\/v2\/types\/post"}],"author":[{"embeddable":true,"href":"https:\/\/www.tribunanf.com.br\/blogdoralfereis\/wp-json\/wp\/v2\/users\/2"}],"replies":[{"embeddable":true,"href":"https:\/\/www.tribunanf.com.br\/blogdoralfereis\/wp-json\/wp\/v2\/comments?post=11348"}],"version-history":[{"count":0,"href":"https:\/\/www.tribunanf.com.br\/blogdoralfereis\/wp-json\/wp\/v2\/posts\/11348\/revisions"}],"wp:featuredmedia":[{"embeddable":true,"href":"https:\/\/www.tribunanf.com.br\/blogdoralfereis\/wp-json\/wp\/v2\/media\/11349"}],"wp:attachment":[{"href":"https:\/\/www.tribunanf.com.br\/blogdoralfereis\/wp-json\/wp\/v2\/media?parent=11348"}],"wp:term":[{"taxonomy":"category","embeddable":true,"href":"https:\/\/www.tribunanf.com.br\/blogdoralfereis\/wp-json\/wp\/v2\/categories?post=11348"},{"taxonomy":"post_tag","embeddable":true,"href":"https:\/\/www.tribunanf.com.br\/blogdoralfereis\/wp-json\/wp\/v2\/tags?post=11348"}],"curies":[{"name":"wp","href":"https:\/\/api.w.org\/{rel}","templated":true}]}}