{"id":11253,"date":"2023-05-28T09:47:43","date_gmt":"2023-05-28T12:47:43","guid":{"rendered":"https:\/\/www.tribunanf.com.br\/blogdoralfereis\/?p=11253"},"modified":"2023-05-28T09:47:43","modified_gmt":"2023-05-28T12:47:43","slug":"prefeitura-de-campos-conclui-audiencia-publica-da-ldo-com-apresentacao-dos-resultados","status":"publish","type":"post","link":"https:\/\/www.tribunanf.com.br\/blogdoralfereis\/2023\/05\/28\/prefeitura-de-campos-conclui-audiencia-publica-da-ldo-com-apresentacao-dos-resultados\/","title":{"rendered":"Prefeitura de Campos conclui Audi\u00eancia P\u00fablica da LDO com apresenta\u00e7\u00e3o dos resultados"},"content":{"rendered":"<p><img loading=\"lazy\" decoding=\"async\" class=\"aligncenter size-large wp-image-11254\" src=\"https:\/\/www.tribunanf.com.br\/blogdoralfereis\/wp-content\/uploads\/sites\/11\/2023\/05\/with-214492_Easy-Resize.com_-1024x682.jpg\" alt=\"\" width=\"800\" height=\"533\" srcset=\"https:\/\/www.tribunanf.com.br\/blogdoralfereis\/wp-content\/uploads\/sites\/11\/2023\/05\/with-214492_Easy-Resize.com_-1024x682.jpg 1024w, https:\/\/www.tribunanf.com.br\/blogdoralfereis\/wp-content\/uploads\/sites\/11\/2023\/05\/with-214492_Easy-Resize.com_-300x200.jpg 300w, https:\/\/www.tribunanf.com.br\/blogdoralfereis\/wp-content\/uploads\/sites\/11\/2023\/05\/with-214492_Easy-Resize.com_-768x512.jpg 768w, https:\/\/www.tribunanf.com.br\/blogdoralfereis\/wp-content\/uploads\/sites\/11\/2023\/05\/with-214492_Easy-Resize.com_.jpg 1280w\" sizes=\"auto, (max-width: 800px) 100vw, 800px\" \/><\/p>\n<p style=\"text-align: justify;\">A Prefeitura de Campos, por meio da Secretaria de Transpar\u00eancia e Controle apresentou na C\u00e2mara de Vereadores os relat\u00f3rios com os resultados do primeiro quadrimestre das atividades or\u00e7ament\u00e1rias, financeira e fiscais. A apresenta\u00e7\u00e3o feita pelo Secret\u00e1rio da pasta, Rodrigo Resende Ramos fechou o segundo dia da Audi\u00eancia P\u00fablica com vistas a elabora\u00e7\u00e3o da LDO (Lei de Diretrizes Or\u00e7ament\u00e1rias para o exerc\u00edcio 2024).<\/p>\n<p style=\"text-align: justify;\">Ap\u00f3s Rodrigo Resende apresentar os relat\u00f3rios com a demonstra\u00e7\u00e3o de que a Prefeitura segue toda legisla\u00e7\u00e3o na aplica\u00e7\u00e3o das a\u00e7\u00f5es p\u00fablicas planejadas em rela\u00e7\u00e3o ao que foi previsto e o que foi efetivamente realizado em conformidade com a legisla\u00e7\u00e3o, o vereador Fred Machado, que presidiu a audi\u00eancia, classificou a apresenta\u00e7\u00e3o como \u201cde grande valia e que vai ajudar na conquista de prosperidade para nossa cidade\u201d.<\/p>\n<p style=\"text-align: justify;\">\u201cOs relat\u00f3rios enviados v\u00e3o ser de grande valia. As apresenta\u00e7\u00f5es foram transparentes. Sei que todo corpo t\u00e9cnico da Secretaria de Transpar\u00eancia e Controle, conforme o pr\u00f3prio nome sugere, s\u00e3o competentes e trabalham com boa vontade para fazer o melhor para Campos\u201d, pontuou o vereador Fred Machado.<\/p>\n<p style=\"text-align: justify;\">O Secret\u00e1rio de Transpar\u00eancia e Controle, Rodrigo Resende explica os pr\u00f3ximos passos no cumprimento dos procedimentos para a formata\u00e7\u00e3o da LDO. \u201cEntregamos os relat\u00f3rios e agora os vereadores v\u00e3o avaliar o que foi previsto realizar no primeiro quadrimestre e que por ventura n\u00e3o tenha sido realizado. Algumas a\u00e7\u00f5es planejadas nem sempre s\u00e3o realizadas por eventuais situa\u00e7\u00f5es que precisam ser sanadas para ent\u00e3o serem realizadas. Neste \u00ednterim o Governo cuida de aprimorar as a\u00e7\u00f5es p\u00fablicas para atingir os objetivos de 2023 e voltaremos aqui na C\u00e2mara no dia 29 de setembro\u201d, concluiu Rodrigo Resende.<\/p>\n<p style=\"text-align: justify;\">Secom*<\/p>\n","protected":false},"excerpt":{"rendered":"<p>A Prefeitura de Campos, por meio da Secretaria de Transpar\u00eancia e Controle apresentou na C\u00e2mara de Vereadores os relat\u00f3rios com&#8230;<\/p>\n","protected":false},"author":2,"featured_media":11254,"comment_status":"open","ping_status":"open","sticky":false,"template":"","format":"standard","meta":{"colormag_page_container_layout":"default_layout","colormag_page_sidebar_layout":"default_layout","jetpack_post_was_ever_published":false,"_jetpack_newsletter_access":"","_jetpack_dont_email_post_to_subs":false,"_jetpack_newsletter_tier_id":0,"_jetpack_memberships_contains_paywalled_content":false,"_jetpack_memberships_contains_paid_content":false,"footnotes":""},"categories":[2],"tags":[],"class_list":["post-11253","post","type-post","status-publish","format-standard","has-post-thumbnail","hentry","category-politica"],"jetpack_featured_media_url":"https:\/\/www.tribunanf.com.br\/blogdoralfereis\/wp-content\/uploads\/sites\/11\/2023\/05\/with-214492_Easy-Resize.com_.jpg","jetpack_sharing_enabled":true,"_links":{"self":[{"href":"https:\/\/www.tribunanf.com.br\/blogdoralfereis\/wp-json\/wp\/v2\/posts\/11253","targetHints":{"allow":["GET"]}}],"collection":[{"href":"https:\/\/www.tribunanf.com.br\/blogdoralfereis\/wp-json\/wp\/v2\/posts"}],"about":[{"href":"https:\/\/www.tribunanf.com.br\/blogdoralfereis\/wp-json\/wp\/v2\/types\/post"}],"author":[{"embeddable":true,"href":"https:\/\/www.tribunanf.com.br\/blogdoralfereis\/wp-json\/wp\/v2\/users\/2"}],"replies":[{"embeddable":true,"href":"https:\/\/www.tribunanf.com.br\/blogdoralfereis\/wp-json\/wp\/v2\/comments?post=11253"}],"version-history":[{"count":0,"href":"https:\/\/www.tribunanf.com.br\/blogdoralfereis\/wp-json\/wp\/v2\/posts\/11253\/revisions"}],"wp:featuredmedia":[{"embeddable":true,"href":"https:\/\/www.tribunanf.com.br\/blogdoralfereis\/wp-json\/wp\/v2\/media\/11254"}],"wp:attachment":[{"href":"https:\/\/www.tribunanf.com.br\/blogdoralfereis\/wp-json\/wp\/v2\/media?parent=11253"}],"wp:term":[{"taxonomy":"category","embeddable":true,"href":"https:\/\/www.tribunanf.com.br\/blogdoralfereis\/wp-json\/wp\/v2\/categories?post=11253"},{"taxonomy":"post_tag","embeddable":true,"href":"https:\/\/www.tribunanf.com.br\/blogdoralfereis\/wp-json\/wp\/v2\/tags?post=11253"}],"curies":[{"name":"wp","href":"https:\/\/api.w.org\/{rel}","templated":true}]}}