{"id":11243,"date":"2023-05-25T13:08:19","date_gmt":"2023-05-25T16:08:19","guid":{"rendered":"https:\/\/www.tribunanf.com.br\/blogdoralfereis\/?p=11243"},"modified":"2023-05-25T13:08:19","modified_gmt":"2023-05-25T16:08:19","slug":"sindicato-repudia-anuncio-do-governo-estadual-do-rio-queremos-o-piso-para-todas-as-carreiras","status":"publish","type":"post","link":"https:\/\/www.tribunanf.com.br\/blogdoralfereis\/2023\/05\/25\/sindicato-repudia-anuncio-do-governo-estadual-do-rio-queremos-o-piso-para-todas-as-carreiras\/","title":{"rendered":"Sindicato repudia an\u00fancio do governo estadual do Rio: &#8220;queremos o piso para todas as carreiras&#8221;"},"content":{"rendered":"<p><img loading=\"lazy\" decoding=\"async\" class=\"aligncenter size-large wp-image-10993\" src=\"https:\/\/www.tribunanf.com.br\/blogdoralfereis\/wp-content\/uploads\/sites\/11\/2023\/03\/castro_Easy-Resize.com-6-1024x566.jpg\" alt=\"\" width=\"800\" height=\"442\" srcset=\"https:\/\/www.tribunanf.com.br\/blogdoralfereis\/wp-content\/uploads\/sites\/11\/2023\/03\/castro_Easy-Resize.com-6-1024x566.jpg 1024w, https:\/\/www.tribunanf.com.br\/blogdoralfereis\/wp-content\/uploads\/sites\/11\/2023\/03\/castro_Easy-Resize.com-6-300x166.jpg 300w, https:\/\/www.tribunanf.com.br\/blogdoralfereis\/wp-content\/uploads\/sites\/11\/2023\/03\/castro_Easy-Resize.com-6-768x424.jpg 768w, https:\/\/www.tribunanf.com.br\/blogdoralfereis\/wp-content\/uploads\/sites\/11\/2023\/03\/castro_Easy-Resize.com-6.jpg 1280w\" sizes=\"auto, (max-width: 800px) 100vw, 800px\" \/><\/p>\n<p>O Sindicato dos Profissionais de Educa\u00e7\u00e3o do Rio de Janeiro emitiu nota de rep\u00fadio nessa quarta-feira (25) contra o governo do estado, logo ap\u00f3s o an\u00fancio sobre a publica\u00e7\u00e3o de um decreto para o pagamento do piso do magist\u00e9rio (<strong><a href=\"https:\/\/www.tribunanf.com.br\/blogdoralfereis\/2023\/05\/24\/claudio-castro-vai-publicar-nesta-semana-decreto-que-garante-pagamento-do-piso-do-magisterio\/\">aqui<\/a><\/strong>). Confira a nota do Sepe:<\/p>\n<p style=\"text-align: justify;\">&#8220;1) O Sindicato dos Profissionais de Educa\u00e7\u00e3o do Rio de Janeiro repudia a nota do governo estadual de que ir\u00e1 implementar o seu projeto de pagamento de piso apenas aos professores que recebem menos que o Piso Nacional do Magist\u00e9rio e ignorando os funcion\u00e1rios administrativos;<\/p>\n<p style=\"text-align: justify;\">2) O governador, em pelo menos tr\u00eas ocasi\u00f5es diferentes e recentes, disse que iria pagar o piso aos professores, n\u00e3o citando qualquer problema em rela\u00e7\u00e3o \u00e0 Justi\u00e7a: na campanha eleitoral, ano passado; e em 2023, em duas publica\u00e7\u00f5es em redes sociais;<\/p>\n<p style=\"text-align: justify;\">3) O Piso Nacional do Magist\u00e9rio \u00e9 uma lei de 2008 (Lei Federal n\u00ba 11.738\/2008) e o Sepe a incorporou em nossas reivindica\u00e7\u00f5es b\u00e1sicas devido, principalmente, ao achatamento salarial que os servidores do estado e em especial a Educa\u00e7\u00e3o sofreram \u2013 ficamos sem qualquer reajuste de 2014 a 2022;<\/p>\n<p style=\"text-align: justify;\">4) Os servidores receberam uma recomposi\u00e7\u00e3o salarial das perdas de 2017 a 2021, que seriam pagas em tr\u00eas vezes, a partir de acordo entre a Alerj e o governo Castro. Mas o governo s\u00f3 pagou a primeira parcela, em 2022, e n\u00e3o pagou a segunda, que seria agora em 2023;<\/p>\n<p style=\"text-align: justify;\">5) O Sepe, devido ao descompromisso hist\u00f3rico do governo em n\u00e3o cumprir o piso salarial, entrou com uma a\u00e7\u00e3o no Tribunal de Justi\u00e7a, que se encontra vitoriosa e j\u00e1 em 2\u00aa inst\u00e2ncia;<\/p>\n<p style=\"text-align: justify;\">6) Destacamos que a Justi\u00e7a, em 1\u00aa e 2\u00aa inst\u00e2ncias, deu ganho de causa ao Sepe, garantindo o piso nacional para todos os professores a partir do n\u00edvel 1, com incid\u00eancia autom\u00e1tica no curso do desenvolvimento da carreira, conforme prev\u00ea o plano de cargos e sal\u00e1rios da categoria. Atualmente, o processo aguarda o julgamento do recurso apresentado ao STF pelo Estado do Rio de Janeiro. A presid\u00eancia do Tribunal Fluminense, antes de enviar o processo ao STF, decidiu que a causa s\u00f3 poder\u00e1 ser executada depois da decis\u00e3o final (tr\u00e2nsito em julgado). No entanto, diferentemente do alegado pelo governo, a Presid\u00eancia do TJ n\u00e3o se manifestou diretamente sobre o m\u00e9rito do recurso, apenas, insistimos, determinou que a execu\u00e7\u00e3o da a\u00e7\u00e3o deve aguardar o desfecho final dos debates travados no STF. Por\u00e9m, destacamos que a decis\u00e3o n\u00e3o impede que o governo do Estado implemente, desde j\u00e1, corretamente o piso nacional, j\u00e1 que det\u00e9m autonomia pol\u00edtica para tanto;<\/p>\n<p style=\"text-align: justify;\">7) O Sepe vem desde o in\u00edcio da gest\u00e3o Castro, desde quando ele assumiu o cargo a partir do impeachment do ex-governador Witzel, apresentando nossa pauta de pagamento do piso e reivindicando um cronograma de aplica\u00e7\u00e3o do mesmo, tendo em vista o cumprimento do Plano de Carreira. Lembramos que at\u00e9 h\u00e1 poucos meses o discurso do governo era o de que o Estado passava por uma \u201cfase saud\u00e1vel de saneamento financeiro\u201d etc; tudo isso, por um passe de m\u00e1gica, mudou \u2013 n\u00e3o por coincid\u00eancia ap\u00f3s a elei\u00e7\u00e3o \u2013 e agora o pr\u00f3prio governo alega que n\u00e3o tem condi\u00e7\u00f5es de cumprir a lei do plano de carreira;<\/p>\n<p style=\"text-align: justify;\">8) Por uma quest\u00e3o de dignidade profissional, por sobreviv\u00eancia e tamb\u00e9m por entender que o pr\u00f3prio governador j\u00e1 tinha falado em pagar o piso e vinha descumprindo esse compromisso, a categoria declarou greve a partir do dia 17 de maio, e reivindica o pagamento do piso, com o cumprimento do plano de carreira;<\/p>\n<p style=\"text-align: justify;\">9) O Sepe est\u00e1 aberto \u00e0 negocia\u00e7\u00e3o, mas n\u00e3o podemos aceitar que esta venha com o risco de que, ao fim e ao cabo, o nosso plano de carreira, t\u00e3o duramente conquistado ainda nos anos 80, venha a ser destru\u00eddo a partir de promessas de que \u201cassim que a justi\u00e7a permitir\u201d o plano ser\u00e1 pago etc;<\/p>\n<p style=\"text-align: justify;\">10) A greve segue mantida. A pr\u00f3xima assembleia da categoria est\u00e1 marcada para o dia 1\u00ba de junho e esperemos que na ocasi\u00e3o a categoria possa discutir uma proposta que atinja todos os profissionais de educa\u00e7\u00e3o.&#8221;<\/p>\n","protected":false},"excerpt":{"rendered":"<p>O Sindicato dos Profissionais de Educa\u00e7\u00e3o do Rio de Janeiro emitiu nota de rep\u00fadio nessa quarta-feira (25) contra o governo&#8230;<\/p>\n","protected":false},"author":2,"featured_media":10993,"comment_status":"open","ping_status":"open","sticky":false,"template":"","format":"standard","meta":{"colormag_page_container_layout":"default_layout","colormag_page_sidebar_layout":"default_layout","jetpack_post_was_ever_published":false,"_jetpack_newsletter_access":"","_jetpack_dont_email_post_to_subs":false,"_jetpack_newsletter_tier_id":0,"_jetpack_memberships_contains_paywalled_content":false,"_jetpack_memberships_contains_paid_content":false,"footnotes":""},"categories":[2],"tags":[],"class_list":["post-11243","post","type-post","status-publish","format-standard","has-post-thumbnail","hentry","category-politica"],"jetpack_featured_media_url":"https:\/\/www.tribunanf.com.br\/blogdoralfereis\/wp-content\/uploads\/sites\/11\/2023\/03\/castro_Easy-Resize.com-6.jpg","jetpack_sharing_enabled":true,"_links":{"self":[{"href":"https:\/\/www.tribunanf.com.br\/blogdoralfereis\/wp-json\/wp\/v2\/posts\/11243","targetHints":{"allow":["GET"]}}],"collection":[{"href":"https:\/\/www.tribunanf.com.br\/blogdoralfereis\/wp-json\/wp\/v2\/posts"}],"about":[{"href":"https:\/\/www.tribunanf.com.br\/blogdoralfereis\/wp-json\/wp\/v2\/types\/post"}],"author":[{"embeddable":true,"href":"https:\/\/www.tribunanf.com.br\/blogdoralfereis\/wp-json\/wp\/v2\/users\/2"}],"replies":[{"embeddable":true,"href":"https:\/\/www.tribunanf.com.br\/blogdoralfereis\/wp-json\/wp\/v2\/comments?post=11243"}],"version-history":[{"count":0,"href":"https:\/\/www.tribunanf.com.br\/blogdoralfereis\/wp-json\/wp\/v2\/posts\/11243\/revisions"}],"wp:featuredmedia":[{"embeddable":true,"href":"https:\/\/www.tribunanf.com.br\/blogdoralfereis\/wp-json\/wp\/v2\/media\/10993"}],"wp:attachment":[{"href":"https:\/\/www.tribunanf.com.br\/blogdoralfereis\/wp-json\/wp\/v2\/media?parent=11243"}],"wp:term":[{"taxonomy":"category","embeddable":true,"href":"https:\/\/www.tribunanf.com.br\/blogdoralfereis\/wp-json\/wp\/v2\/categories?post=11243"},{"taxonomy":"post_tag","embeddable":true,"href":"https:\/\/www.tribunanf.com.br\/blogdoralfereis\/wp-json\/wp\/v2\/tags?post=11243"}],"curies":[{"name":"wp","href":"https:\/\/api.w.org\/{rel}","templated":true}]}}