{"id":11229,"date":"2023-05-23T19:56:49","date_gmt":"2023-05-23T22:56:49","guid":{"rendered":"https:\/\/www.tribunanf.com.br\/blogdoralfereis\/?p=11229"},"modified":"2023-05-23T19:56:49","modified_gmt":"2023-05-23T22:56:49","slug":"aguas-do-paraiba-ganha-liminar-na-justica-para-suspender-cpi-na-camara","status":"publish","type":"post","link":"https:\/\/www.tribunanf.com.br\/blogdoralfereis\/2023\/05\/23\/aguas-do-paraiba-ganha-liminar-na-justica-para-suspender-cpi-na-camara\/","title":{"rendered":"\u00c1guas do Para\u00edba ganha liminar na justi\u00e7a para suspender CPI na C\u00e2mara"},"content":{"rendered":"<p><img loading=\"lazy\" decoding=\"async\" class=\"aligncenter size-full wp-image-11233\" src=\"https:\/\/www.tribunanf.com.br\/blogdoralfereis\/wp-content\/uploads\/sites\/11\/2023\/05\/marquinho-bacellar.png\" alt=\"\" width=\"723\" height=\"418\" srcset=\"https:\/\/www.tribunanf.com.br\/blogdoralfereis\/wp-content\/uploads\/sites\/11\/2023\/05\/marquinho-bacellar.png 723w, https:\/\/www.tribunanf.com.br\/blogdoralfereis\/wp-content\/uploads\/sites\/11\/2023\/05\/marquinho-bacellar-300x173.png 300w\" sizes=\"auto, (max-width: 723px) 100vw, 723px\" \/><\/p>\n<p style=\"text-align: justify;\">A concession\u00e1ria de \u00c1gua e Esgoto de Campos dos Goytacazes, \u00c1guas do Para\u00edba S\/A, obteve liminar nesta ter\u00e7a-feira para suspender a Comiss\u00e3o Parlamentar de Inqu\u00e9rito (CPI) da C\u00e2mara Municipal. A decis\u00e3o \u00e9 do juiz Eron Simas, da 1\u00aa Vara C\u00edvel de Campos.<\/p>\n<p style=\"text-align: justify;\">Segundo o Mandato de Seguran\u00e7a impetrado pela concession\u00e1ria, &#8220;<em>n\u00e3o houve determina\u00e7\u00e3o do fato a ser apurado, o que vulnera o art. 58, \u00a7 3\u00ba, da CRFB\/1988 e os dispositivos da Lei Org\u00e2nica e do Regimento Interno da C\u00e2mara Municipal&#8221;.\u00a0\u00a0<\/em><\/p>\n<p style=\"text-align: justify;\">Ao conceder a liminar, o magistrado pontuou que &#8220;<em>para al\u00e9m do recorte temporal de 25 anos, o que, por si s\u00f3, j\u00e1 confere ampl\u00edssimo espectro \u00e0 investiga\u00e7\u00e3o, o ato legislativo carece de refer\u00eancia concreta aos fatos que objetiva investigar, valendo-se de express\u00f5es gen\u00e9ricas (\u201catos il\u00edcitos e irregulares\u201d, descumprimento de \u201cobriga\u00e7\u00f5es contratuais e legais\u201d) que imp\u00f5e contornos indefinidos \u00e0 CPI<\/em>.&#8221; Confira a \u00edntegra ao final.<\/p>\n<p style=\"text-align: justify;\"><strong>Revolta na C\u00e2mara<\/strong><\/p>\n<p style=\"text-align: justify;\">A a\u00e7\u00e3o foi direcionada a pessoa do presidente da C\u00e2mara Marquinho Bacellar, e revoltou todos os vereadores, que aprovaram uma mo\u00e7\u00e3o de rep\u00fadio contra a concession\u00e1ria. Os edis tamb\u00e9m prometeram mais CPIs contra a concession\u00e1ria.<\/p>\n<p style=\"text-align: justify;\">Seguindo o estilo da fam\u00edlia, Bacellar disparou contra \u00c1guas do Para\u00edba S\/A, sobrando estilha\u00e7os para o prefeito Wladimir.<\/p>\n<div class=\"jetpack-video-wrapper\"><iframe loading=\"lazy\" title=\"Marquinho Bacellar fazer duras cr\u00edticas a \u00c1guas do Para\u00edba, que derrubou CPI na C\u00e2mara de Campos.\" width=\"800\" height=\"450\" src=\"https:\/\/www.youtube.com\/embed\/mUOYghfymd4?feature=oembed\" frameborder=\"0\" allow=\"accelerometer; autoplay; clipboard-write; encrypted-media; gyroscope; picture-in-picture; web-share\" referrerpolicy=\"strict-origin-when-cross-origin\" allowfullscreen><\/iframe><\/div>\n<p><img loading=\"lazy\" decoding=\"async\" class=\"aligncenter size-large wp-image-11230\" src=\"https:\/\/www.tribunanf.com.br\/blogdoralfereis\/wp-content\/uploads\/sites\/11\/2023\/05\/Decisao-Defere-Liminar_230523_191715_page-0001-724x1024.jpg\" alt=\"\" width=\"724\" height=\"1024\" srcset=\"https:\/\/www.tribunanf.com.br\/blogdoralfereis\/wp-content\/uploads\/sites\/11\/2023\/05\/Decisao-Defere-Liminar_230523_191715_page-0001-724x1024.jpg 724w, https:\/\/www.tribunanf.com.br\/blogdoralfereis\/wp-content\/uploads\/sites\/11\/2023\/05\/Decisao-Defere-Liminar_230523_191715_page-0001-212x300.jpg 212w, https:\/\/www.tribunanf.com.br\/blogdoralfereis\/wp-content\/uploads\/sites\/11\/2023\/05\/Decisao-Defere-Liminar_230523_191715_page-0001-768x1087.jpg 768w, https:\/\/www.tribunanf.com.br\/blogdoralfereis\/wp-content\/uploads\/sites\/11\/2023\/05\/Decisao-Defere-Liminar_230523_191715_page-0001-1085x1536.jpg 1085w, https:\/\/www.tribunanf.com.br\/blogdoralfereis\/wp-content\/uploads\/sites\/11\/2023\/05\/Decisao-Defere-Liminar_230523_191715_page-0001.jpg 1240w\" sizes=\"auto, (max-width: 724px) 100vw, 724px\" \/> <img loading=\"lazy\" decoding=\"async\" class=\"aligncenter size-large wp-image-11231\" src=\"https:\/\/www.tribunanf.com.br\/blogdoralfereis\/wp-content\/uploads\/sites\/11\/2023\/05\/Decisao-Defere-Liminar_230523_191715_page-0002-724x1024.jpg\" alt=\"\" width=\"724\" height=\"1024\" srcset=\"https:\/\/www.tribunanf.com.br\/blogdoralfereis\/wp-content\/uploads\/sites\/11\/2023\/05\/Decisao-Defere-Liminar_230523_191715_page-0002-724x1024.jpg 724w, https:\/\/www.tribunanf.com.br\/blogdoralfereis\/wp-content\/uploads\/sites\/11\/2023\/05\/Decisao-Defere-Liminar_230523_191715_page-0002-212x300.jpg 212w, https:\/\/www.tribunanf.com.br\/blogdoralfereis\/wp-content\/uploads\/sites\/11\/2023\/05\/Decisao-Defere-Liminar_230523_191715_page-0002-768x1087.jpg 768w, https:\/\/www.tribunanf.com.br\/blogdoralfereis\/wp-content\/uploads\/sites\/11\/2023\/05\/Decisao-Defere-Liminar_230523_191715_page-0002-1085x1536.jpg 1085w, https:\/\/www.tribunanf.com.br\/blogdoralfereis\/wp-content\/uploads\/sites\/11\/2023\/05\/Decisao-Defere-Liminar_230523_191715_page-0002.jpg 1240w\" sizes=\"auto, (max-width: 724px) 100vw, 724px\" \/> <img loading=\"lazy\" decoding=\"async\" class=\"aligncenter size-large wp-image-11232\" src=\"https:\/\/www.tribunanf.com.br\/blogdoralfereis\/wp-content\/uploads\/sites\/11\/2023\/05\/Decisao-Defere-Liminar_230523_191715_page-0003-724x1024.jpg\" alt=\"\" width=\"724\" height=\"1024\" srcset=\"https:\/\/www.tribunanf.com.br\/blogdoralfereis\/wp-content\/uploads\/sites\/11\/2023\/05\/Decisao-Defere-Liminar_230523_191715_page-0003-724x1024.jpg 724w, https:\/\/www.tribunanf.com.br\/blogdoralfereis\/wp-content\/uploads\/sites\/11\/2023\/05\/Decisao-Defere-Liminar_230523_191715_page-0003-212x300.jpg 212w, https:\/\/www.tribunanf.com.br\/blogdoralfereis\/wp-content\/uploads\/sites\/11\/2023\/05\/Decisao-Defere-Liminar_230523_191715_page-0003-768x1087.jpg 768w, https:\/\/www.tribunanf.com.br\/blogdoralfereis\/wp-content\/uploads\/sites\/11\/2023\/05\/Decisao-Defere-Liminar_230523_191715_page-0003-1085x1536.jpg 1085w, https:\/\/www.tribunanf.com.br\/blogdoralfereis\/wp-content\/uploads\/sites\/11\/2023\/05\/Decisao-Defere-Liminar_230523_191715_page-0003.jpg 1240w\" sizes=\"auto, (max-width: 724px) 100vw, 724px\" \/><\/p>\n","protected":false},"excerpt":{"rendered":"<p>A concession\u00e1ria de \u00c1gua e Esgoto de Campos dos Goytacazes, \u00c1guas do Para\u00edba S\/A, obteve liminar nesta ter\u00e7a-feira para suspender&#8230;<\/p>\n","protected":false},"author":2,"featured_media":11233,"comment_status":"open","ping_status":"open","sticky":false,"template":"","format":"standard","meta":{"colormag_page_container_layout":"default_layout","colormag_page_sidebar_layout":"default_layout","jetpack_post_was_ever_published":false,"_jetpack_newsletter_access":"","_jetpack_dont_email_post_to_subs":false,"_jetpack_newsletter_tier_id":0,"_jetpack_memberships_contains_paywalled_content":false,"_jetpack_memberships_contains_paid_content":false,"footnotes":""},"categories":[2],"tags":[],"class_list":["post-11229","post","type-post","status-publish","format-standard","has-post-thumbnail","hentry","category-politica"],"jetpack_featured_media_url":"https:\/\/www.tribunanf.com.br\/blogdoralfereis\/wp-content\/uploads\/sites\/11\/2023\/05\/marquinho-bacellar.png","jetpack_sharing_enabled":true,"_links":{"self":[{"href":"https:\/\/www.tribunanf.com.br\/blogdoralfereis\/wp-json\/wp\/v2\/posts\/11229","targetHints":{"allow":["GET"]}}],"collection":[{"href":"https:\/\/www.tribunanf.com.br\/blogdoralfereis\/wp-json\/wp\/v2\/posts"}],"about":[{"href":"https:\/\/www.tribunanf.com.br\/blogdoralfereis\/wp-json\/wp\/v2\/types\/post"}],"author":[{"embeddable":true,"href":"https:\/\/www.tribunanf.com.br\/blogdoralfereis\/wp-json\/wp\/v2\/users\/2"}],"replies":[{"embeddable":true,"href":"https:\/\/www.tribunanf.com.br\/blogdoralfereis\/wp-json\/wp\/v2\/comments?post=11229"}],"version-history":[{"count":0,"href":"https:\/\/www.tribunanf.com.br\/blogdoralfereis\/wp-json\/wp\/v2\/posts\/11229\/revisions"}],"wp:featuredmedia":[{"embeddable":true,"href":"https:\/\/www.tribunanf.com.br\/blogdoralfereis\/wp-json\/wp\/v2\/media\/11233"}],"wp:attachment":[{"href":"https:\/\/www.tribunanf.com.br\/blogdoralfereis\/wp-json\/wp\/v2\/media?parent=11229"}],"wp:term":[{"taxonomy":"category","embeddable":true,"href":"https:\/\/www.tribunanf.com.br\/blogdoralfereis\/wp-json\/wp\/v2\/categories?post=11229"},{"taxonomy":"post_tag","embeddable":true,"href":"https:\/\/www.tribunanf.com.br\/blogdoralfereis\/wp-json\/wp\/v2\/tags?post=11229"}],"curies":[{"name":"wp","href":"https:\/\/api.w.org\/{rel}","templated":true}]}}