{"id":11217,"date":"2023-05-22T08:44:48","date_gmt":"2023-05-22T11:44:48","guid":{"rendered":"https:\/\/www.tribunanf.com.br\/blogdoralfereis\/?p=11217"},"modified":"2023-05-22T08:48:54","modified_gmt":"2023-05-22T11:48:54","slug":"prefeitura-de-campos-publica-novo-calendario-com-pagamento-dos-servidores-dentro-do-mes-trabalhado-e-13o-em-junho-confira","status":"publish","type":"post","link":"https:\/\/www.tribunanf.com.br\/blogdoralfereis\/2023\/05\/22\/prefeitura-de-campos-publica-novo-calendario-com-pagamento-dos-servidores-dentro-do-mes-trabalhado-e-13o-em-junho-confira\/","title":{"rendered":"Prefeitura de Campos publica novo calend\u00e1rio com pagamento dos servidores dentro do m\u00eas trabalhado e 13\u00ba em junho; confira"},"content":{"rendered":"<p><img loading=\"lazy\" decoding=\"async\" class=\"aligncenter size-large wp-image-8789\" src=\"https:\/\/www.tribunanf.com.br\/blogdoralfereis\/wp-content\/uploads\/sites\/11\/2022\/03\/wlad-1024x573.png\" alt=\"\" width=\"800\" height=\"448\" \/><\/p>\n<p style=\"text-align: justify;\">Conforme prometido pelo prefeito Wladimir Garotinho no dia do trabalhador (<strong><a href=\"https:\/\/www.tribunanf.com.br\/blogdoralfereis\/2023\/05\/01\/prefeito-wladimir-garotinho-anuncia-pagamento-dos-servidores-dentro-do-mes-trabalhado-e-concurso-publico-para-varias-areas\/\">aqui<\/a><\/strong>), a Prefeitura de Campos dos Goytacazes publicou no Di\u00e1rio Oficial desta segunda-feira (22) uma portaria estabelecendo o novo calend\u00e1rio de pagamento dos servidores municipais dentro do m\u00eas trabalhado.<\/p>\n<p style=\"text-align: justify;\">Segundo o calend\u00e1rio, a primeira parcela do 13\u00ba sal\u00e1rio ser\u00e1 em junho.<\/p>\n<p>Art. 1\u00b0 &#8211; Estabelecer o calend\u00e1rio de pagamento dos servidores p\u00fablicos, ativos e<br \/>\ninativos do Munic\u00edpio.<br \/>\nMaio \u2013 31<br \/>\nJunho (1\u00aa parcela do 13\u00b0) \u2013 30<br \/>\nJunho \u2013 30<br \/>\nJulho \u2013 31<br \/>\nAgosto \u2013 31<br \/>\nSetembro \u2013 29<br \/>\nOutubro \u2013 31<br \/>\nNovembro \u2013 30<br \/>\nDezembro (2\u00aa parcela do 13\u00b0) \u2013 20<br \/>\nDezembro \u2013 29<\/p>\n<p style=\"text-align: justify;\">Confira o Di\u00e1rio Oficial aqui:<a href=\"https:\/\/www.campos.rj.gov.br\/app\/assets\/diario-oficial\/link\/5787\" target=\"_blank\" rel=\"noopener\"> https:\/\/www.campos.rj.gov.br\/app\/assets\/diario-oficial\/link\/5787<\/a><\/p>\n<p><img loading=\"lazy\" decoding=\"async\" class=\"aligncenter size-full wp-image-11218\" src=\"https:\/\/www.tribunanf.com.br\/blogdoralfereis\/wp-content\/uploads\/sites\/11\/2023\/05\/Sem-titulo.png\" alt=\"\" width=\"492\" height=\"315\" srcset=\"https:\/\/www.tribunanf.com.br\/blogdoralfereis\/wp-content\/uploads\/sites\/11\/2023\/05\/Sem-titulo.png 492w, https:\/\/www.tribunanf.com.br\/blogdoralfereis\/wp-content\/uploads\/sites\/11\/2023\/05\/Sem-titulo-300x192.png 300w\" sizes=\"auto, (max-width: 492px) 100vw, 492px\" \/><\/p>\n","protected":false},"excerpt":{"rendered":"<p>Conforme prometido pelo prefeito Wladimir Garotinho no dia do trabalhador (aqui), a Prefeitura de Campos dos Goytacazes publicou no Di\u00e1rio&#8230;<\/p>\n","protected":false},"author":2,"featured_media":8789,"comment_status":"open","ping_status":"open","sticky":false,"template":"","format":"standard","meta":{"colormag_page_container_layout":"default_layout","colormag_page_sidebar_layout":"default_layout","jetpack_post_was_ever_published":false,"_jetpack_newsletter_access":"","_jetpack_dont_email_post_to_subs":false,"_jetpack_newsletter_tier_id":0,"_jetpack_memberships_contains_paywalled_content":false,"_jetpack_memberships_contains_paid_content":false,"footnotes":""},"categories":[2],"tags":[],"class_list":["post-11217","post","type-post","status-publish","format-standard","has-post-thumbnail","hentry","category-politica"],"jetpack_featured_media_url":"https:\/\/www.tribunanf.com.br\/blogdoralfereis\/wp-content\/uploads\/sites\/11\/2022\/03\/wlad-e1646775402199.png","jetpack_sharing_enabled":true,"_links":{"self":[{"href":"https:\/\/www.tribunanf.com.br\/blogdoralfereis\/wp-json\/wp\/v2\/posts\/11217","targetHints":{"allow":["GET"]}}],"collection":[{"href":"https:\/\/www.tribunanf.com.br\/blogdoralfereis\/wp-json\/wp\/v2\/posts"}],"about":[{"href":"https:\/\/www.tribunanf.com.br\/blogdoralfereis\/wp-json\/wp\/v2\/types\/post"}],"author":[{"embeddable":true,"href":"https:\/\/www.tribunanf.com.br\/blogdoralfereis\/wp-json\/wp\/v2\/users\/2"}],"replies":[{"embeddable":true,"href":"https:\/\/www.tribunanf.com.br\/blogdoralfereis\/wp-json\/wp\/v2\/comments?post=11217"}],"version-history":[{"count":0,"href":"https:\/\/www.tribunanf.com.br\/blogdoralfereis\/wp-json\/wp\/v2\/posts\/11217\/revisions"}],"wp:featuredmedia":[{"embeddable":true,"href":"https:\/\/www.tribunanf.com.br\/blogdoralfereis\/wp-json\/wp\/v2\/media\/8789"}],"wp:attachment":[{"href":"https:\/\/www.tribunanf.com.br\/blogdoralfereis\/wp-json\/wp\/v2\/media?parent=11217"}],"wp:term":[{"taxonomy":"category","embeddable":true,"href":"https:\/\/www.tribunanf.com.br\/blogdoralfereis\/wp-json\/wp\/v2\/categories?post=11217"},{"taxonomy":"post_tag","embeddable":true,"href":"https:\/\/www.tribunanf.com.br\/blogdoralfereis\/wp-json\/wp\/v2\/tags?post=11217"}],"curies":[{"name":"wp","href":"https:\/\/api.w.org\/{rel}","templated":true}]}}