{"id":11203,"date":"2023-05-17T15:56:39","date_gmt":"2023-05-17T18:56:39","guid":{"rendered":"https:\/\/www.tribunanf.com.br\/blogdoralfereis\/?p=11203"},"modified":"2023-05-17T15:56:39","modified_gmt":"2023-05-17T18:56:39","slug":"sjb-na-cidade-do-porto-do-acu-43-dos-habitantes-dependem-do-bolsa-familia-para-ter-alguma-renda","status":"publish","type":"post","link":"https:\/\/www.tribunanf.com.br\/blogdoralfereis\/2023\/05\/17\/sjb-na-cidade-do-porto-do-acu-43-dos-habitantes-dependem-do-bolsa-familia-para-ter-alguma-renda\/","title":{"rendered":"SJB: Na cidade do Porto do A\u00e7u, 43% dos habitantes dependem do \u201cBolsa Fam\u00edlia\u201d para ter (alguma) renda"},"content":{"rendered":"<p><img loading=\"lazy\" decoding=\"async\" class=\"aligncenter size-large wp-image-11191\" src=\"https:\/\/www.tribunanf.com.br\/blogdoralfereis\/wp-content\/uploads\/sites\/11\/2023\/05\/Municipio-Sao-Joao-da-Barra-ft-div_Easy-Resize.com_-1024x682.jpg\" alt=\"\" width=\"800\" height=\"533\" srcset=\"https:\/\/www.tribunanf.com.br\/blogdoralfereis\/wp-content\/uploads\/sites\/11\/2023\/05\/Municipio-Sao-Joao-da-Barra-ft-div_Easy-Resize.com_-1024x682.jpg 1024w, https:\/\/www.tribunanf.com.br\/blogdoralfereis\/wp-content\/uploads\/sites\/11\/2023\/05\/Municipio-Sao-Joao-da-Barra-ft-div_Easy-Resize.com_-300x200.jpg 300w, https:\/\/www.tribunanf.com.br\/blogdoralfereis\/wp-content\/uploads\/sites\/11\/2023\/05\/Municipio-Sao-Joao-da-Barra-ft-div_Easy-Resize.com_-768x512.jpg 768w, https:\/\/www.tribunanf.com.br\/blogdoralfereis\/wp-content\/uploads\/sites\/11\/2023\/05\/Municipio-Sao-Joao-da-Barra-ft-div_Easy-Resize.com_.jpg 1280w\" sizes=\"auto, (max-width: 800px) 100vw, 800px\" \/><\/p>\n<p style=\"text-align: justify;\"><strong><a href=\"http:\/\/blogdojosealvesneto.blogspot.com\/2023\/05\/mais-de-43-dos-habitantes-de-sao-joao.html\" target=\"_blank\" rel=\"noopener\">POR JOS\u00c9 ALVES NETO<\/a><\/strong><\/p>\n<p style=\"text-align: justify;\">O gr\u00e1fico abaixo apresenta os dados dos benefici\u00e1rios do programa federal de transfer\u00eancia direta e indireta de renda, denominado de Bolsa Fam\u00edlia, e o percentual em rela\u00e7\u00e3o ao n\u00famero de habitantes dos munic\u00edpios de Campos, de Maca\u00e9, de Rio das Ostras e de S\u00e3o Jo\u00e3o da Barra, que hoje, fazem parte desse relevante instrumento de inclus\u00e3o social, segundo a Secretaria Nacional de Renda de Cidadania (SENARC), do m\u00eas de mar\u00e7o de 2023.<\/p>\n<p style=\"text-align: justify;\"><img loading=\"lazy\" decoding=\"async\" class=\"aligncenter size-large wp-image-11204\" src=\"https:\/\/www.tribunanf.com.br\/blogdoralfereis\/wp-content\/uploads\/sites\/11\/2023\/05\/bolsa-familia_Easy-Resize.com_-1024x456.jpg\" alt=\"\" width=\"800\" height=\"356\" srcset=\"https:\/\/www.tribunanf.com.br\/blogdoralfereis\/wp-content\/uploads\/sites\/11\/2023\/05\/bolsa-familia_Easy-Resize.com_-1024x456.jpg 1024w, https:\/\/www.tribunanf.com.br\/blogdoralfereis\/wp-content\/uploads\/sites\/11\/2023\/05\/bolsa-familia_Easy-Resize.com_-300x134.jpg 300w, https:\/\/www.tribunanf.com.br\/blogdoralfereis\/wp-content\/uploads\/sites\/11\/2023\/05\/bolsa-familia_Easy-Resize.com_-768x342.jpg 768w, https:\/\/www.tribunanf.com.br\/blogdoralfereis\/wp-content\/uploads\/sites\/11\/2023\/05\/bolsa-familia_Easy-Resize.com_.jpg 1280w\" sizes=\"auto, (max-width: 800px) 100vw, 800px\" \/><\/p>\n<p style=\"text-align: justify;\">No caso de Campos, por exemplo, est\u00e3o no programa 31,60% dos seus 514.643 habitantes.<\/p>\n<p style=\"text-align: justify;\">Em Maca\u00e9, os benefici\u00e1rios chegam a 20,10% de 266.136 habitantes.<\/p>\n<p style=\"text-align: justify;\">E em Rio das Ostras e em S\u00e3o Jo\u00e3o da Barra, os percentuais, s\u00e3o respectivamente, de 23, 97% de 159.529 habitantes e de 43,02% de 36.731 habitantes.<\/p>\n<p style=\"text-align: justify;\">Diante desses n\u00fameros vergonhosos, observa-se, todavia,\u00a0 S\u00e3o Jo\u00e3o da Barra, exibiu no m\u00eas de mar\u00e7o de 2023, o pior \u00edndice. Logo, o munic\u00edpio que tem no seu territ\u00f3rio, um dos maiores investimentos do mundo, o Porto do A\u00e7u, que se orgulha de ter investido desde 2014 o total de R$ 20 bilh\u00f5es, conforme o site\u00a0<strong>(<a href=\"https:\/\/portodoacu.com.br\/o-porto\/\" target=\"_blank\" rel=\"noopener\">https:\/\/portodoacu.com.br\/o-porto\/<\/a>)<\/strong>.<\/p>\n<p style=\"text-align: justify;\">\u00c9 um verdadeiro paradoxo. Em face desse cen\u00e1rio, uma pergunta n\u00e3o quer calar: cad\u00ea o desenvolvimento econ\u00f4mico e social do munic\u00edpio sanjoanense?<\/p>\n","protected":false},"excerpt":{"rendered":"<p>POR JOS\u00c9 ALVES NETO O gr\u00e1fico abaixo apresenta os dados dos benefici\u00e1rios do programa federal de transfer\u00eancia direta e indireta&#8230;<\/p>\n","protected":false},"author":2,"featured_media":11191,"comment_status":"open","ping_status":"open","sticky":false,"template":"","format":"standard","meta":{"colormag_page_container_layout":"default_layout","colormag_page_sidebar_layout":"default_layout","jetpack_post_was_ever_published":false,"_jetpack_newsletter_access":"","_jetpack_dont_email_post_to_subs":false,"_jetpack_newsletter_tier_id":0,"_jetpack_memberships_contains_paywalled_content":false,"_jetpack_memberships_contains_paid_content":false,"footnotes":""},"categories":[7],"tags":[],"class_list":["post-11203","post","type-post","status-publish","format-standard","has-post-thumbnail","hentry","category-economia"],"jetpack_featured_media_url":"https:\/\/www.tribunanf.com.br\/blogdoralfereis\/wp-content\/uploads\/sites\/11\/2023\/05\/Municipio-Sao-Joao-da-Barra-ft-div_Easy-Resize.com_.jpg","jetpack_sharing_enabled":true,"_links":{"self":[{"href":"https:\/\/www.tribunanf.com.br\/blogdoralfereis\/wp-json\/wp\/v2\/posts\/11203","targetHints":{"allow":["GET"]}}],"collection":[{"href":"https:\/\/www.tribunanf.com.br\/blogdoralfereis\/wp-json\/wp\/v2\/posts"}],"about":[{"href":"https:\/\/www.tribunanf.com.br\/blogdoralfereis\/wp-json\/wp\/v2\/types\/post"}],"author":[{"embeddable":true,"href":"https:\/\/www.tribunanf.com.br\/blogdoralfereis\/wp-json\/wp\/v2\/users\/2"}],"replies":[{"embeddable":true,"href":"https:\/\/www.tribunanf.com.br\/blogdoralfereis\/wp-json\/wp\/v2\/comments?post=11203"}],"version-history":[{"count":0,"href":"https:\/\/www.tribunanf.com.br\/blogdoralfereis\/wp-json\/wp\/v2\/posts\/11203\/revisions"}],"wp:featuredmedia":[{"embeddable":true,"href":"https:\/\/www.tribunanf.com.br\/blogdoralfereis\/wp-json\/wp\/v2\/media\/11191"}],"wp:attachment":[{"href":"https:\/\/www.tribunanf.com.br\/blogdoralfereis\/wp-json\/wp\/v2\/media?parent=11203"}],"wp:term":[{"taxonomy":"category","embeddable":true,"href":"https:\/\/www.tribunanf.com.br\/blogdoralfereis\/wp-json\/wp\/v2\/categories?post=11203"},{"taxonomy":"post_tag","embeddable":true,"href":"https:\/\/www.tribunanf.com.br\/blogdoralfereis\/wp-json\/wp\/v2\/tags?post=11203"}],"curies":[{"name":"wp","href":"https:\/\/api.w.org\/{rel}","templated":true}]}}