{"id":11198,"date":"2023-05-17T08:06:56","date_gmt":"2023-05-17T11:06:56","guid":{"rendered":"https:\/\/www.tribunanf.com.br\/blogdoralfereis\/?p=11198"},"modified":"2023-05-17T08:06:56","modified_gmt":"2023-05-17T11:06:56","slug":"professores-e-funcionarios-das-escolas-estaduais-entram-em-greve-a-partir-desta-quarta-feira-17","status":"publish","type":"post","link":"https:\/\/www.tribunanf.com.br\/blogdoralfereis\/2023\/05\/17\/professores-e-funcionarios-das-escolas-estaduais-entram-em-greve-a-partir-desta-quarta-feira-17\/","title":{"rendered":"Professores e funcion\u00e1rios das escolas estaduais entram em greve a partir desta quarta-feira (17)"},"content":{"rendered":"<p><img loading=\"lazy\" decoding=\"async\" class=\"aligncenter size-large wp-image-10993\" src=\"https:\/\/www.tribunanf.com.br\/blogdoralfereis\/wp-content\/uploads\/sites\/11\/2023\/03\/castro_Easy-Resize.com-6-1024x566.jpg\" alt=\"\" width=\"800\" height=\"442\" srcset=\"https:\/\/www.tribunanf.com.br\/blogdoralfereis\/wp-content\/uploads\/sites\/11\/2023\/03\/castro_Easy-Resize.com-6-1024x566.jpg 1024w, https:\/\/www.tribunanf.com.br\/blogdoralfereis\/wp-content\/uploads\/sites\/11\/2023\/03\/castro_Easy-Resize.com-6-300x166.jpg 300w, https:\/\/www.tribunanf.com.br\/blogdoralfereis\/wp-content\/uploads\/sites\/11\/2023\/03\/castro_Easy-Resize.com-6-768x424.jpg 768w, https:\/\/www.tribunanf.com.br\/blogdoralfereis\/wp-content\/uploads\/sites\/11\/2023\/03\/castro_Easy-Resize.com-6.jpg 1280w\" sizes=\"auto, (max-width: 800px) 100vw, 800px\" \/><\/p>\n<p style=\"text-align: justify;\">Os professores e funcion\u00e1rios administrativos (merendeiras, inspetores de alunos etc) das escolas estaduais do Rio de Janeiro v\u00e3o entrar em greve a partir desta quarta-feira, dia 17 de maio.<\/p>\n<p style=\"text-align: justify;\">A greve foi aprovada na assembleia geral da categoria realizada dia 11 de maio<\/p>\n<p style=\"text-align: justify;\">A categoria reivindica do governador Cl\u00e1udio Castro a implementa\u00e7\u00e3o do piso nacional do magist\u00e9rio para os docentes e o piso dos funcion\u00e1rios administrativos, tendo como refer\u00eancia o sal\u00e1rio m\u00ednimo nacional \u2013 leia no final desta mat\u00e9ria as tabelas comparativas, mostrando o que reivindicamos e o que o governo quer dar.<\/p>\n<p style=\"text-align: justify;\">S\u00e3o mais de 60 mil professores e 17 mil funcion\u00e1rios que trabalham nas 1.280 escolas espalhadas por todo o estado e que s\u00e3o respons\u00e1veis pelo atendimento de mais de 700 mil alunos.<\/p>\n<p style=\"text-align: justify;\">Na quinta-feira, dia 18 de maio, a categoria realiza assembleia, \u00e0s 14h, no Largo do Machado (Zona Sul da capital), em seguida, marcha ao Pal\u00e1cio Guanabara, onde reivindicar\u00e1 ser recebido pelo governo.<\/p>\n<p style=\"text-align: justify;\">O POR QUE DA GREVE<\/p>\n<p style=\"text-align: justify;\">Em reuni\u00e3o com a secret\u00e1ria estadual de Educa\u00e7\u00e3o, Roberta Pontes, e representantes da Casa Civil, no dia 10 de maio, o governo apresentou ao Sepe seu projeto de incorporar o piso nacional do magist\u00e9rio. No entanto, a proposta do governo n\u00e3o incorpora o piso a todas as carreiras; na verdade, o governo quer apenas reajustar os sal\u00e1rios que est\u00e3o abaixo do piso. Com isso, quem ganha acima do piso n\u00e3o receber\u00e1 nenhum reajuste.<\/p>\n<p style=\"text-align: justify;\">O correto \u00e9 o piso ser implementado a partir do vencimento inicial da carreira e ser adequado proporcionalmente aos demais n\u00edveis, cumprindo o que manda o atual Plano de Carreira da categoria \u2013 exatamente o que o governo anunciou que n\u00e3o ir\u00e1 fazer.<\/p>\n<p style=\"text-align: justify;\">O que o governo apresentou, al\u00e9m de ser ilegal, \u00e9 um ataque ao Plano de Carreira dos profissionais de educa\u00e7\u00e3o.<\/p>\n<p style=\"text-align: justify;\">Pelo seu projeto, o governo tamb\u00e9m n\u00e3o reajusta os sal\u00e1rios dos funcion\u00e1rios administrativos das escolas, que em sua maioria recebem menos do que um sal\u00e1rio m\u00ednimo de piso.<\/p>\n<p style=\"text-align: justify;\">Hoje, o Rio de Janeiro paga o pior sal\u00e1rio do Brasil para os educadores da rede estadual: Enquanto o piso nacional \u00e9 de R$ 4.420, o professor de uma escola estadual tem um piso de R$ 1.588 como vencimento base (18 horas semanais). Os funcion\u00e1rios administrativos (serventes, merendeiras, porteiros, inspetores de alunos etc), em sua maioria, recebem um piso menor do que o sal\u00e1rio m\u00ednimo (R$ 802,00).<\/p>\n<p style=\"text-align: justify;\">Al\u00e9m das reivindica\u00e7\u00f5es econ\u00f4micas, a categoria tamb\u00e9m defende a revoga\u00e7\u00e3o do Novo Ensino M\u00e9dio (NEM) e a convoca\u00e7\u00e3o de concursados para o magist\u00e9rio dos concursos de 2013 e 2014 e de inspetores de alunos do concurso de 2013, al\u00e9m da abertura de novos concursos para suprir a car\u00eancia de profissionais nas escolas e para as fun\u00e7\u00f5es de assistente social e psic\u00f3logos, como resposta ao aumento da viol\u00eancia no interior do espa\u00e7o escolar.<\/p>\n<p style=\"text-align: justify;\">Fonte: imprensa Sepe<\/p>\n<p><img loading=\"lazy\" decoding=\"async\" class=\"aligncenter size-large wp-image-11199\" src=\"https:\/\/www.tribunanf.com.br\/blogdoralfereis\/wp-content\/uploads\/sites\/11\/2023\/05\/tabela-para-assembleia-final-11maio2023-1_Easy-Resize.com_-753x1024.jpg\" alt=\"\" width=\"753\" height=\"1024\" srcset=\"https:\/\/www.tribunanf.com.br\/blogdoralfereis\/wp-content\/uploads\/sites\/11\/2023\/05\/tabela-para-assembleia-final-11maio2023-1_Easy-Resize.com_-753x1024.jpg 753w, https:\/\/www.tribunanf.com.br\/blogdoralfereis\/wp-content\/uploads\/sites\/11\/2023\/05\/tabela-para-assembleia-final-11maio2023-1_Easy-Resize.com_-221x300.jpg 221w, https:\/\/www.tribunanf.com.br\/blogdoralfereis\/wp-content\/uploads\/sites\/11\/2023\/05\/tabela-para-assembleia-final-11maio2023-1_Easy-Resize.com_-768x1045.jpg 768w, https:\/\/www.tribunanf.com.br\/blogdoralfereis\/wp-content\/uploads\/sites\/11\/2023\/05\/tabela-para-assembleia-final-11maio2023-1_Easy-Resize.com_.jpg 941w\" sizes=\"auto, (max-width: 753px) 100vw, 753px\" \/><\/p>\n","protected":false},"excerpt":{"rendered":"<p>Os professores e funcion\u00e1rios administrativos (merendeiras, inspetores de alunos etc) das escolas estaduais do Rio de Janeiro v\u00e3o entrar em&#8230;<\/p>\n","protected":false},"author":2,"featured_media":10075,"comment_status":"open","ping_status":"open","sticky":false,"template":"","format":"standard","meta":{"colormag_page_container_layout":"default_layout","colormag_page_sidebar_layout":"default_layout","jetpack_post_was_ever_published":false,"_jetpack_newsletter_access":"","_jetpack_dont_email_post_to_subs":false,"_jetpack_newsletter_tier_id":0,"_jetpack_memberships_contains_paywalled_content":false,"_jetpack_memberships_contains_paid_content":false,"footnotes":""},"categories":[2],"tags":[],"class_list":["post-11198","post","type-post","status-publish","format-standard","has-post-thumbnail","hentry","category-politica"],"jetpack_featured_media_url":"https:\/\/www.tribunanf.com.br\/blogdoralfereis\/wp-content\/uploads\/sites\/11\/2022\/09\/castro.jpg","jetpack_sharing_enabled":true,"_links":{"self":[{"href":"https:\/\/www.tribunanf.com.br\/blogdoralfereis\/wp-json\/wp\/v2\/posts\/11198","targetHints":{"allow":["GET"]}}],"collection":[{"href":"https:\/\/www.tribunanf.com.br\/blogdoralfereis\/wp-json\/wp\/v2\/posts"}],"about":[{"href":"https:\/\/www.tribunanf.com.br\/blogdoralfereis\/wp-json\/wp\/v2\/types\/post"}],"author":[{"embeddable":true,"href":"https:\/\/www.tribunanf.com.br\/blogdoralfereis\/wp-json\/wp\/v2\/users\/2"}],"replies":[{"embeddable":true,"href":"https:\/\/www.tribunanf.com.br\/blogdoralfereis\/wp-json\/wp\/v2\/comments?post=11198"}],"version-history":[{"count":0,"href":"https:\/\/www.tribunanf.com.br\/blogdoralfereis\/wp-json\/wp\/v2\/posts\/11198\/revisions"}],"wp:featuredmedia":[{"embeddable":true,"href":"https:\/\/www.tribunanf.com.br\/blogdoralfereis\/wp-json\/wp\/v2\/media\/10075"}],"wp:attachment":[{"href":"https:\/\/www.tribunanf.com.br\/blogdoralfereis\/wp-json\/wp\/v2\/media?parent=11198"}],"wp:term":[{"taxonomy":"category","embeddable":true,"href":"https:\/\/www.tribunanf.com.br\/blogdoralfereis\/wp-json\/wp\/v2\/categories?post=11198"},{"taxonomy":"post_tag","embeddable":true,"href":"https:\/\/www.tribunanf.com.br\/blogdoralfereis\/wp-json\/wp\/v2\/tags?post=11198"}],"curies":[{"name":"wp","href":"https:\/\/api.w.org\/{rel}","templated":true}]}}