{"id":1116,"date":"2018-11-07T10:01:46","date_gmt":"2018-11-07T12:01:46","guid":{"rendered":"http:\/\/www.tribunanf.com.br\/blogdoralfereis\/?p=1116"},"modified":"2018-11-07T10:01:46","modified_gmt":"2018-11-07T12:01:46","slug":"tce-quer-saber-se-o-governo-rafael-diniz-esta-comprando-uniformes-escolares","status":"publish","type":"post","link":"https:\/\/www.tribunanf.com.br\/blogdoralfereis\/2018\/11\/07\/tce-quer-saber-se-o-governo-rafael-diniz-esta-comprando-uniformes-escolares\/","title":{"rendered":"TCE quer saber se o governo Rafael Diniz est\u00e1 comprando uniformes escolares"},"content":{"rendered":"<p><img loading=\"lazy\" decoding=\"async\" class=\"aligncenter size-full wp-image-130\" src=\"http:\/\/www.tribunanf.com.br\/blogdoralfereis\/wp-content\/uploads\/sites\/11\/2018\/06\/rafael.jpg\" alt=\"\" width=\"750\" height=\"350\" srcset=\"https:\/\/www.tribunanf.com.br\/blogdoralfereis\/wp-content\/uploads\/sites\/11\/2018\/06\/rafael.jpg 750w, https:\/\/www.tribunanf.com.br\/blogdoralfereis\/wp-content\/uploads\/sites\/11\/2018\/06\/rafael-300x140.jpg 300w\" sizes=\"auto, (max-width: 750px) 100vw, 750px\" \/><\/p>\n<p style=\"text-align: justify;\">O conselheiro Marcelo Verdini Maia, do Tribunal de Contas do Estado, determinou, em sess\u00e3o realizada no dia 18 de outubro, que o prefeito de Campos Rafael Diniz esclare\u00e7a expressamente o modo da aquisi\u00e7\u00e3o dos uniformes escolares na rede municipal de ensino.<\/p>\n<p style=\"text-align: justify;\">Em 2017, o blog revelou em primeira m\u00e3o a publica\u00e7\u00e3o de um escandaloso edital de Preg\u00e3o Presencial para compra de uniformes escolares, cujo valor ultrapassava R$ 24 milh\u00f5es.<\/p>\n<p style=\"text-align: justify;\">Ap\u00f3s a divulga\u00e7\u00e3o, empresas interessadas no certame ingressaram com representa\u00e7\u00f5es no TCE e o processo licitat\u00f3rio foi suspenso. Posteriormente, o pr\u00f3prio governo Rafael Diniz anulou o edital.<\/p>\n<p style=\"text-align: justify;\">Desde a nulidade do certame, o conselheiro Marcelo Veridni vem solicitando ao prefeito informa\u00e7\u00f5es acerca da compra de uniformes escolares. Ignorado pelo governo Diniz, o conselheiro determinou uma nova comunica\u00e7\u00e3o e vai avaliar se inclui o tema no Plano Anual de Auditoria Governamental.<\/p>\n<p style=\"text-align: justify;\"><em>&#8220;Desta forma, acompanho o entendimento do Parquet Especial, no que tange \u00e0 necessidade de nova Comunica\u00e7\u00e3o para que o Jurisdicionado esclare\u00e7a expressamente o modo da aquisi\u00e7\u00e3o dos uniformes escolares na rede municipal de ensino, sem preju\u00edzo da eventual avalia\u00e7\u00e3o para inclus\u00e3o deste tema no Plano Anual de Auditoria Governamental.<\/em><br \/>\n<em>Ademais, julgo oportuno incluir na Comunica\u00e7\u00e3o dirigida ao respons\u00e1vel a indaga\u00e7\u00e3o acerca de quais as medidas adotadas pela Administra\u00e7\u00e3o P\u00fablica para contrata\u00e7\u00e3o futura do objeto que trata o presente, tendo em vista que n\u00e3o h\u00e1 registro neste Tribunal de instrumentos jur\u00eddicos respaldando a concretiza\u00e7\u00e3o da aquisi\u00e7\u00e3o de uniformes escolares no Munic\u00edpio de Campos dos Goytacazes.&#8221;.\u00a0<\/em><\/p>\n<p><img loading=\"lazy\" decoding=\"async\" class=\"aligncenter size-full wp-image-1118\" src=\"http:\/\/www.tribunanf.com.br\/blogdoralfereis\/wp-content\/uploads\/sites\/11\/2018\/11\/0001-80.jpg\" alt=\"\" width=\"2481\" height=\"3508\" srcset=\"https:\/\/www.tribunanf.com.br\/blogdoralfereis\/wp-content\/uploads\/sites\/11\/2018\/11\/0001-80.jpg 2481w, https:\/\/www.tribunanf.com.br\/blogdoralfereis\/wp-content\/uploads\/sites\/11\/2018\/11\/0001-80-212x300.jpg 212w, https:\/\/www.tribunanf.com.br\/blogdoralfereis\/wp-content\/uploads\/sites\/11\/2018\/11\/0001-80-768x1086.jpg 768w, https:\/\/www.tribunanf.com.br\/blogdoralfereis\/wp-content\/uploads\/sites\/11\/2018\/11\/0001-80-724x1024.jpg 724w\" sizes=\"auto, (max-width: 2481px) 100vw, 2481px\" \/><\/p>\n<p><img loading=\"lazy\" decoding=\"async\" class=\"aligncenter size-full wp-image-1117\" src=\"http:\/\/www.tribunanf.com.br\/blogdoralfereis\/wp-content\/uploads\/sites\/11\/2018\/11\/uniforme.png\" alt=\"\" width=\"528\" height=\"750\" srcset=\"https:\/\/www.tribunanf.com.br\/blogdoralfereis\/wp-content\/uploads\/sites\/11\/2018\/11\/uniforme.png 528w, https:\/\/www.tribunanf.com.br\/blogdoralfereis\/wp-content\/uploads\/sites\/11\/2018\/11\/uniforme-211x300.png 211w\" sizes=\"auto, (max-width: 528px) 100vw, 528px\" \/><\/p>\n","protected":false},"excerpt":{"rendered":"<p>O conselheiro Marcelo Verdini Maia, do Tribunal de Contas do Estado, determinou, em sess\u00e3o realizada no dia 18 de outubro,&#8230;<\/p>\n","protected":false},"author":2,"featured_media":130,"comment_status":"open","ping_status":"open","sticky":false,"template":"","format":"standard","meta":{"colormag_page_container_layout":"default_layout","colormag_page_sidebar_layout":"default_layout","jetpack_post_was_ever_published":false,"_jetpack_newsletter_access":"","_jetpack_dont_email_post_to_subs":false,"_jetpack_newsletter_tier_id":0,"_jetpack_memberships_contains_paywalled_content":false,"_jetpack_memberships_contains_paid_content":false,"footnotes":""},"categories":[2],"tags":[],"class_list":["post-1116","post","type-post","status-publish","format-standard","has-post-thumbnail","hentry","category-politica"],"jetpack_featured_media_url":"https:\/\/www.tribunanf.com.br\/blogdoralfereis\/wp-content\/uploads\/sites\/11\/2018\/06\/rafael.jpg","jetpack_sharing_enabled":true,"_links":{"self":[{"href":"https:\/\/www.tribunanf.com.br\/blogdoralfereis\/wp-json\/wp\/v2\/posts\/1116","targetHints":{"allow":["GET"]}}],"collection":[{"href":"https:\/\/www.tribunanf.com.br\/blogdoralfereis\/wp-json\/wp\/v2\/posts"}],"about":[{"href":"https:\/\/www.tribunanf.com.br\/blogdoralfereis\/wp-json\/wp\/v2\/types\/post"}],"author":[{"embeddable":true,"href":"https:\/\/www.tribunanf.com.br\/blogdoralfereis\/wp-json\/wp\/v2\/users\/2"}],"replies":[{"embeddable":true,"href":"https:\/\/www.tribunanf.com.br\/blogdoralfereis\/wp-json\/wp\/v2\/comments?post=1116"}],"version-history":[{"count":0,"href":"https:\/\/www.tribunanf.com.br\/blogdoralfereis\/wp-json\/wp\/v2\/posts\/1116\/revisions"}],"wp:featuredmedia":[{"embeddable":true,"href":"https:\/\/www.tribunanf.com.br\/blogdoralfereis\/wp-json\/wp\/v2\/media\/130"}],"wp:attachment":[{"href":"https:\/\/www.tribunanf.com.br\/blogdoralfereis\/wp-json\/wp\/v2\/media?parent=1116"}],"wp:term":[{"taxonomy":"category","embeddable":true,"href":"https:\/\/www.tribunanf.com.br\/blogdoralfereis\/wp-json\/wp\/v2\/categories?post=1116"},{"taxonomy":"post_tag","embeddable":true,"href":"https:\/\/www.tribunanf.com.br\/blogdoralfereis\/wp-json\/wp\/v2\/tags?post=1116"}],"curies":[{"name":"wp","href":"https:\/\/api.w.org\/{rel}","templated":true}]}}