{"id":11148,"date":"2023-05-01T12:41:31","date_gmt":"2023-05-01T15:41:31","guid":{"rendered":"https:\/\/www.tribunanf.com.br\/blogdoralfereis\/?p=11148"},"modified":"2023-05-01T12:41:31","modified_gmt":"2023-05-01T15:41:31","slug":"prefeito-wladimir-garotinho-anuncia-pagamento-dos-servidores-dentro-do-mes-trabalhado-e-concurso-publico-para-varias-areas","status":"publish","type":"post","link":"https:\/\/www.tribunanf.com.br\/blogdoralfereis\/2023\/05\/01\/prefeito-wladimir-garotinho-anuncia-pagamento-dos-servidores-dentro-do-mes-trabalhado-e-concurso-publico-para-varias-areas\/","title":{"rendered":"Prefeito Wladimir Garotinho anuncia pagamento dos servidores dentro do m\u00eas trabalhado e Concurso P\u00fablico para v\u00e1rias \u00e1reas"},"content":{"rendered":"<p><img loading=\"lazy\" decoding=\"async\" class=\"aligncenter size-large wp-image-10679\" src=\"https:\/\/www.tribunanf.com.br\/blogdoralfereis\/wp-content\/uploads\/sites\/11\/2022\/12\/wlad_Easy-Resize.com-8-1024x682.jpg\" alt=\"\" width=\"800\" height=\"533\" srcset=\"https:\/\/www.tribunanf.com.br\/blogdoralfereis\/wp-content\/uploads\/sites\/11\/2022\/12\/wlad_Easy-Resize.com-8-1024x682.jpg 1024w, https:\/\/www.tribunanf.com.br\/blogdoralfereis\/wp-content\/uploads\/sites\/11\/2022\/12\/wlad_Easy-Resize.com-8-300x200.jpg 300w, https:\/\/www.tribunanf.com.br\/blogdoralfereis\/wp-content\/uploads\/sites\/11\/2022\/12\/wlad_Easy-Resize.com-8-768x512.jpg 768w, https:\/\/www.tribunanf.com.br\/blogdoralfereis\/wp-content\/uploads\/sites\/11\/2022\/12\/wlad_Easy-Resize.com-8.jpg 1280w\" sizes=\"auto, (max-width: 800px) 100vw, 800px\" \/><\/p>\n<p style=\"text-align: justify;\">O prefeito de Campos dos Goytacazes, Wladimir Garotinho, anunciou nesta segunda-feira (1), Dia do Trabalhador, o pagamento dos servidores municipais dentro do m\u00eas trabalhado a partir do m\u00eas de Maio.<\/p>\n<p style=\"text-align: justify;\">O prefeito tamb\u00e9m anunciou a realiza\u00e7\u00e3o de concurso p\u00fablico para v\u00e1rias \u00e1reas.<\/p>\n<p style=\"text-align: justify;\">&#8220;Assumimos uma prefeitura onde n\u00e3o se tinha o m\u00ednimo de compromisso com os trabalhadores, com planejamento e gest\u00e3o temos garantido direitos. Hoje \u00e9 poss\u00edvel anunciar mais um compromisso assumido por mim, a partir do m\u00eas de Maio o sal\u00e1rio ser\u00e1 sempre pago dentro do m\u00eas trabalhado.<\/p>\n<p style=\"text-align: justify;\">Anuncio tamb\u00e9m que faremos concurso p\u00fablico para 7 carreiras fundamentais para a mem\u00f3ria da gest\u00e3o p\u00fablica. S\u00e3o elas: Auditor Fiscal, T\u00e9cnico Fazend\u00e1rio, Contador, Analista de Controle Interno, Assistente de Controle Interno, Educador Social e Guarda Municipal.&#8221;, disse Wladimir nas redes sociais.<\/p>\n<blockquote class=\"twitter-tweet\" data-width=\"550\" data-dnt=\"true\">\n<p lang=\"pt\" dir=\"ltr\">Assumimos uma prefeitura onde n\u00e3o se tinha o m\u00ednimo de compromisso com os trabalhadores, com planejamento e gest\u00e3o temos garantido direitos. Hoje \u00e9 poss\u00edvel anunciar mais um compromisso assumido por mim, a partir do m\u00eas de Maio o sal\u00e1rio ser\u00e1 sempre pago dentro do m\u00eas trabalhado.<\/p>\n<p>&mdash; Wladimir Garotinho (@WladGarotinho) <a href=\"https:\/\/twitter.com\/WladGarotinho\/status\/1653057567176654851?ref_src=twsrc%5Etfw\" target=\"_blank\" rel=\"noopener\">May 1, 2023<\/a><\/p><\/blockquote>\n<p><script async src=\"https:\/\/platform.twitter.com\/widgets.js\" charset=\"utf-8\"><\/script><\/p>\n","protected":false},"excerpt":{"rendered":"<p>O prefeito de Campos dos Goytacazes, Wladimir Garotinho, anunciou nesta segunda-feira (1), Dia do Trabalhador, o pagamento dos servidores municipais&#8230;<\/p>\n","protected":false},"author":2,"featured_media":10679,"comment_status":"open","ping_status":"open","sticky":false,"template":"","format":"standard","meta":{"colormag_page_container_layout":"default_layout","colormag_page_sidebar_layout":"default_layout","jetpack_post_was_ever_published":false,"_jetpack_newsletter_access":"","_jetpack_dont_email_post_to_subs":false,"_jetpack_newsletter_tier_id":0,"_jetpack_memberships_contains_paywalled_content":false,"_jetpack_memberships_contains_paid_content":false,"footnotes":""},"categories":[2],"tags":[],"class_list":["post-11148","post","type-post","status-publish","format-standard","has-post-thumbnail","hentry","category-politica"],"jetpack_featured_media_url":"https:\/\/www.tribunanf.com.br\/blogdoralfereis\/wp-content\/uploads\/sites\/11\/2022\/12\/wlad_Easy-Resize.com-8.jpg","jetpack_sharing_enabled":true,"_links":{"self":[{"href":"https:\/\/www.tribunanf.com.br\/blogdoralfereis\/wp-json\/wp\/v2\/posts\/11148","targetHints":{"allow":["GET"]}}],"collection":[{"href":"https:\/\/www.tribunanf.com.br\/blogdoralfereis\/wp-json\/wp\/v2\/posts"}],"about":[{"href":"https:\/\/www.tribunanf.com.br\/blogdoralfereis\/wp-json\/wp\/v2\/types\/post"}],"author":[{"embeddable":true,"href":"https:\/\/www.tribunanf.com.br\/blogdoralfereis\/wp-json\/wp\/v2\/users\/2"}],"replies":[{"embeddable":true,"href":"https:\/\/www.tribunanf.com.br\/blogdoralfereis\/wp-json\/wp\/v2\/comments?post=11148"}],"version-history":[{"count":0,"href":"https:\/\/www.tribunanf.com.br\/blogdoralfereis\/wp-json\/wp\/v2\/posts\/11148\/revisions"}],"wp:featuredmedia":[{"embeddable":true,"href":"https:\/\/www.tribunanf.com.br\/blogdoralfereis\/wp-json\/wp\/v2\/media\/10679"}],"wp:attachment":[{"href":"https:\/\/www.tribunanf.com.br\/blogdoralfereis\/wp-json\/wp\/v2\/media?parent=11148"}],"wp:term":[{"taxonomy":"category","embeddable":true,"href":"https:\/\/www.tribunanf.com.br\/blogdoralfereis\/wp-json\/wp\/v2\/categories?post=11148"},{"taxonomy":"post_tag","embeddable":true,"href":"https:\/\/www.tribunanf.com.br\/blogdoralfereis\/wp-json\/wp\/v2\/tags?post=11148"}],"curies":[{"name":"wp","href":"https:\/\/api.w.org\/{rel}","templated":true}]}}