{"id":11140,"date":"2023-04-27T17:19:04","date_gmt":"2023-04-27T20:19:04","guid":{"rendered":"https:\/\/www.tribunanf.com.br\/blogdoralfereis\/?p=11140"},"modified":"2023-04-27T17:19:04","modified_gmt":"2023-04-27T20:19:04","slug":"ministro-dias-toffoli-pede-transferencia-para-a-segunda-turma-do-stf","status":"publish","type":"post","link":"https:\/\/www.tribunanf.com.br\/blogdoralfereis\/2023\/04\/27\/ministro-dias-toffoli-pede-transferencia-para-a-segunda-turma-do-stf\/","title":{"rendered":"Ministro Dias Toffoli pede transfer\u00eancia para a Segunda Turma do STF"},"content":{"rendered":"<p><img loading=\"lazy\" decoding=\"async\" class=\"aligncenter size-full wp-image-6137\" src=\"https:\/\/www.tribunanf.com.br\/blogdoralfereis\/wp-content\/uploads\/sites\/11\/2021\/02\/04_02_2021_18_08_46.jpg\" alt=\"\" width=\"600\" height=\"400\" srcset=\"https:\/\/www.tribunanf.com.br\/blogdoralfereis\/wp-content\/uploads\/sites\/11\/2021\/02\/04_02_2021_18_08_46.jpg 600w, https:\/\/www.tribunanf.com.br\/blogdoralfereis\/wp-content\/uploads\/sites\/11\/2021\/02\/04_02_2021_18_08_46-300x200.jpg 300w\" sizes=\"auto, (max-width: 600px) 100vw, 600px\" \/><\/p>\n<p style=\"text-align: justify;\">O ministro Dias Toffoli, do Supremo Tribunal Federal (STF), solicitou transfer\u00eancia para a Segunda Turma da Corte. O colegiado est\u00e1 com uma cadeira vaga em raz\u00e3o da recente aposentadoria do ministro Ricardo Lewandowski.<\/p>\n<p style=\"text-align: justify;\">O pedido consta de of\u00edcio enviado \u00e0 presidente do STF, ministra Rosa Weber. A possibilidade de troca de colegiado est\u00e1 prevista no Regimento Interno do STF, mas exige que seja respeitada a ordem de antiguidade.<\/p>\n<p style=\"text-align: justify;\">No caso do ministro Toffoli, a transfer\u00eancia ser\u00e1 poss\u00edvel apenas se um integrante mais antigo na Corte n\u00e3o demonstrar interesse em ocupar a vaga.<\/p>\n<p style=\"text-align: justify;\"><a href=\"http:\/\/www.stf.jus.br\/arquivo\/cms\/noticiaNoticiaStf\/anexo\/OfcioDT.pdf\" target=\"_blank\" rel=\"noopener\">Leia a \u00edntegra do of\u00edcio<\/a><\/p>\n","protected":false},"excerpt":{"rendered":"<p>O ministro Dias Toffoli, do Supremo Tribunal Federal (STF), solicitou transfer\u00eancia para a Segunda Turma da Corte. O colegiado est\u00e1&#8230;<\/p>\n","protected":false},"author":2,"featured_media":6137,"comment_status":"open","ping_status":"open","sticky":false,"template":"","format":"standard","meta":{"colormag_page_container_layout":"default_layout","colormag_page_sidebar_layout":"default_layout","jetpack_post_was_ever_published":false,"_jetpack_newsletter_access":"","_jetpack_dont_email_post_to_subs":false,"_jetpack_newsletter_tier_id":0,"_jetpack_memberships_contains_paywalled_content":false,"_jetpack_memberships_contains_paid_content":false,"footnotes":""},"categories":[2],"tags":[],"class_list":["post-11140","post","type-post","status-publish","format-standard","has-post-thumbnail","hentry","category-politica"],"jetpack_featured_media_url":"https:\/\/www.tribunanf.com.br\/blogdoralfereis\/wp-content\/uploads\/sites\/11\/2021\/02\/04_02_2021_18_08_46.jpg","jetpack_sharing_enabled":true,"_links":{"self":[{"href":"https:\/\/www.tribunanf.com.br\/blogdoralfereis\/wp-json\/wp\/v2\/posts\/11140","targetHints":{"allow":["GET"]}}],"collection":[{"href":"https:\/\/www.tribunanf.com.br\/blogdoralfereis\/wp-json\/wp\/v2\/posts"}],"about":[{"href":"https:\/\/www.tribunanf.com.br\/blogdoralfereis\/wp-json\/wp\/v2\/types\/post"}],"author":[{"embeddable":true,"href":"https:\/\/www.tribunanf.com.br\/blogdoralfereis\/wp-json\/wp\/v2\/users\/2"}],"replies":[{"embeddable":true,"href":"https:\/\/www.tribunanf.com.br\/blogdoralfereis\/wp-json\/wp\/v2\/comments?post=11140"}],"version-history":[{"count":0,"href":"https:\/\/www.tribunanf.com.br\/blogdoralfereis\/wp-json\/wp\/v2\/posts\/11140\/revisions"}],"wp:featuredmedia":[{"embeddable":true,"href":"https:\/\/www.tribunanf.com.br\/blogdoralfereis\/wp-json\/wp\/v2\/media\/6137"}],"wp:attachment":[{"href":"https:\/\/www.tribunanf.com.br\/blogdoralfereis\/wp-json\/wp\/v2\/media?parent=11140"}],"wp:term":[{"taxonomy":"category","embeddable":true,"href":"https:\/\/www.tribunanf.com.br\/blogdoralfereis\/wp-json\/wp\/v2\/categories?post=11140"},{"taxonomy":"post_tag","embeddable":true,"href":"https:\/\/www.tribunanf.com.br\/blogdoralfereis\/wp-json\/wp\/v2\/tags?post=11140"}],"curies":[{"name":"wp","href":"https:\/\/api.w.org\/{rel}","templated":true}]}}