{"id":11138,"date":"2023-04-27T08:52:55","date_gmt":"2023-04-27T11:52:55","guid":{"rendered":"https:\/\/www.tribunanf.com.br\/blogdoralfereis\/?p=11138"},"modified":"2023-04-27T08:52:55","modified_gmt":"2023-04-27T11:52:55","slug":"claudio-castro-e-alvo-de-denuncia-no-tce-por-nao-cumprir-recomposicao-salarial-dos-servidores-do-estado","status":"publish","type":"post","link":"https:\/\/www.tribunanf.com.br\/blogdoralfereis\/2023\/04\/27\/claudio-castro-e-alvo-de-denuncia-no-tce-por-nao-cumprir-recomposicao-salarial-dos-servidores-do-estado\/","title":{"rendered":"Cl\u00e1udio Castro \u00e9 alvo de den\u00fancia no TCE por n\u00e3o cumprir recomposi\u00e7\u00e3o salarial dos servidores do Estado"},"content":{"rendered":"<p><img loading=\"lazy\" decoding=\"async\" class=\"aligncenter size-large wp-image-10993\" src=\"https:\/\/www.tribunanf.com.br\/blogdoralfereis\/wp-content\/uploads\/sites\/11\/2023\/03\/castro_Easy-Resize.com-6-1024x566.jpg\" alt=\"\" width=\"800\" height=\"442\" srcset=\"https:\/\/www.tribunanf.com.br\/blogdoralfereis\/wp-content\/uploads\/sites\/11\/2023\/03\/castro_Easy-Resize.com-6-1024x566.jpg 1024w, https:\/\/www.tribunanf.com.br\/blogdoralfereis\/wp-content\/uploads\/sites\/11\/2023\/03\/castro_Easy-Resize.com-6-300x166.jpg 300w, https:\/\/www.tribunanf.com.br\/blogdoralfereis\/wp-content\/uploads\/sites\/11\/2023\/03\/castro_Easy-Resize.com-6-768x424.jpg 768w, https:\/\/www.tribunanf.com.br\/blogdoralfereis\/wp-content\/uploads\/sites\/11\/2023\/03\/castro_Easy-Resize.com-6.jpg 1280w\" sizes=\"auto, (max-width: 800px) 100vw, 800px\" \/><\/p>\n<p style=\"text-align: justify;\">A deputada estadual Martha Rocha (PDT) ingressou, no Tribunal de Contas do Estado (TCE), com uma den\u00fancia de irregularidade com pedido de liminar contra o governador Cl\u00e1udio Castro, exigindo o pagamento imediato da segunda parcela da recomposi\u00e7\u00e3o salarial (6,5%) de servidores p\u00fablicos, aposentados e pensionistas do estado do Rio, conforme lei aprovada no ano passado.<\/p>\n<p style=\"text-align: justify;\">A representa\u00e7\u00e3o tamb\u00e9m tem como objetivo apurar ilegalidades e verificar se houve reten\u00e7\u00e3o indevida de verbas de natureza salarial dos servidores.<\/p>\n<p style=\"text-align: justify;\">A recomposi\u00e7\u00e3o salarial &#8211; referente \u00e0s perdas inflacion\u00e1rias acumuladas entre 2017 (ano de entrada do Rio no primeiro Regime de Recupera\u00e7\u00e3o Fiscal) e 2021 &#8211; foi dividida em tr\u00eas anos. A primeira parcela foi paga em 2022. No entanto, a segunda parte, que deveria ter sido quitada no in\u00edcio deste ano, n\u00e3o foi.<\/p>\n<p style=\"text-align: justify;\">&#8220;Ao negar o cumprimento da Lei, o governador n\u00e3o apenas descumpre o acordo feito com os servidores, mas tamb\u00e9m viola os princ\u00edpios da administra\u00e7\u00e3o p\u00fablica, especialmente os da legalidade e da moralidade&#8221;, diz trecho da den\u00fancia.<\/p>\n<p style=\"text-align: justify;\">Segundo a deputada Martha Rocha, que \u00e9 presidente da Comiss\u00e3o de Servidores P\u00fablicos da Alerj, \u00e9 fundamental que o TCE apure a m\u00e1 aplica\u00e7\u00e3o das receitas e das despesas p\u00fablicas e determine que o governador cumpra o acordo feito com o funcionalismo.<\/p>\n<p style=\"text-align: justify;\">&#8220;A ilegalidade do n\u00e3o pagamento \u00e9 flagrante e o governo sequer apresenta uma justificativa. Esperamos que o TCE conceda uma liminar para determinar o pagamento da segunda parcela em atraso&#8221;, disse a parlamentar.<\/p>\n<p style=\"text-align: justify;\">Fonte: Blog do Ancelmo Gois, O Globo<\/p>\n","protected":false},"excerpt":{"rendered":"<p>A deputada estadual Martha Rocha (PDT) ingressou, no Tribunal de Contas do Estado (TCE), com uma den\u00fancia de irregularidade com&#8230;<\/p>\n","protected":false},"author":2,"featured_media":10993,"comment_status":"open","ping_status":"open","sticky":false,"template":"","format":"standard","meta":{"colormag_page_container_layout":"default_layout","colormag_page_sidebar_layout":"default_layout","jetpack_post_was_ever_published":false,"_jetpack_newsletter_access":"","_jetpack_dont_email_post_to_subs":false,"_jetpack_newsletter_tier_id":0,"_jetpack_memberships_contains_paywalled_content":false,"_jetpack_memberships_contains_paid_content":false,"footnotes":""},"categories":[2],"tags":[],"class_list":["post-11138","post","type-post","status-publish","format-standard","has-post-thumbnail","hentry","category-politica"],"jetpack_featured_media_url":"https:\/\/www.tribunanf.com.br\/blogdoralfereis\/wp-content\/uploads\/sites\/11\/2023\/03\/castro_Easy-Resize.com-6.jpg","jetpack_sharing_enabled":true,"_links":{"self":[{"href":"https:\/\/www.tribunanf.com.br\/blogdoralfereis\/wp-json\/wp\/v2\/posts\/11138","targetHints":{"allow":["GET"]}}],"collection":[{"href":"https:\/\/www.tribunanf.com.br\/blogdoralfereis\/wp-json\/wp\/v2\/posts"}],"about":[{"href":"https:\/\/www.tribunanf.com.br\/blogdoralfereis\/wp-json\/wp\/v2\/types\/post"}],"author":[{"embeddable":true,"href":"https:\/\/www.tribunanf.com.br\/blogdoralfereis\/wp-json\/wp\/v2\/users\/2"}],"replies":[{"embeddable":true,"href":"https:\/\/www.tribunanf.com.br\/blogdoralfereis\/wp-json\/wp\/v2\/comments?post=11138"}],"version-history":[{"count":0,"href":"https:\/\/www.tribunanf.com.br\/blogdoralfereis\/wp-json\/wp\/v2\/posts\/11138\/revisions"}],"wp:featuredmedia":[{"embeddable":true,"href":"https:\/\/www.tribunanf.com.br\/blogdoralfereis\/wp-json\/wp\/v2\/media\/10993"}],"wp:attachment":[{"href":"https:\/\/www.tribunanf.com.br\/blogdoralfereis\/wp-json\/wp\/v2\/media?parent=11138"}],"wp:term":[{"taxonomy":"category","embeddable":true,"href":"https:\/\/www.tribunanf.com.br\/blogdoralfereis\/wp-json\/wp\/v2\/categories?post=11138"},{"taxonomy":"post_tag","embeddable":true,"href":"https:\/\/www.tribunanf.com.br\/blogdoralfereis\/wp-json\/wp\/v2\/tags?post=11138"}],"curies":[{"name":"wp","href":"https:\/\/api.w.org\/{rel}","templated":true}]}}