{"id":11114,"date":"2023-04-18T19:18:36","date_gmt":"2023-04-18T22:18:36","guid":{"rendered":"https:\/\/www.tribunanf.com.br\/blogdoralfereis\/?p=11114"},"modified":"2023-04-18T19:18:36","modified_gmt":"2023-04-18T22:18:36","slug":"cpi-para-investigar-aguas-do-paraiba-tem-membros-definidos","status":"publish","type":"post","link":"https:\/\/www.tribunanf.com.br\/blogdoralfereis\/2023\/04\/18\/cpi-para-investigar-aguas-do-paraiba-tem-membros-definidos\/","title":{"rendered":"CPI para investigar \u00c1guas do Para\u00edba tem membros definidos"},"content":{"rendered":"<p><img loading=\"lazy\" decoding=\"async\" class=\"aligncenter size-large wp-image-9564\" src=\"https:\/\/www.tribunanf.com.br\/blogdoralfereis\/wp-content\/uploads\/sites\/11\/2022\/06\/aguas-do-paraiba_Easy-Resize.com_-1024x441.jpg\" alt=\"\" width=\"800\" height=\"345\" srcset=\"https:\/\/www.tribunanf.com.br\/blogdoralfereis\/wp-content\/uploads\/sites\/11\/2022\/06\/aguas-do-paraiba_Easy-Resize.com_-1024x441.jpg 1024w, https:\/\/www.tribunanf.com.br\/blogdoralfereis\/wp-content\/uploads\/sites\/11\/2022\/06\/aguas-do-paraiba_Easy-Resize.com_-300x129.jpg 300w, https:\/\/www.tribunanf.com.br\/blogdoralfereis\/wp-content\/uploads\/sites\/11\/2022\/06\/aguas-do-paraiba_Easy-Resize.com_-768x331.jpg 768w, https:\/\/www.tribunanf.com.br\/blogdoralfereis\/wp-content\/uploads\/sites\/11\/2022\/06\/aguas-do-paraiba_Easy-Resize.com_.jpg 1280w\" sizes=\"auto, (max-width: 800px) 100vw, 800px\" \/><\/p>\n<p style=\"text-align: justify;\">A mesa diretora da C\u00e2mara de Campos e os l\u00edderes partid\u00e1rios definiram, nesta ter\u00e7a-feira (18), os vereadores que ir\u00e3o compor a CPI pra investigar a concession\u00e1ria de \u00e1gua e esgoto \u00c1guas do Para\u00edba S\/A.<\/p>\n<p style=\"text-align: justify;\">Os membros s\u00e3o: Bruno Viana (PSD), Marquinho do Transporte (PDT), Helinho Nahim (Agir), Rog\u00e9rio Matoso (Uni\u00e3o) e Igor Pereira (SD).<\/p>\n<p style=\"text-align: justify;\">O vereador Rog\u00e9rio Matoso foi o autor do pedido de CPI e deve ser o presidente da comiss\u00e3o para investigar a concession\u00e1ria.<\/p>\n","protected":false},"excerpt":{"rendered":"<p>A mesa diretora da C\u00e2mara de Campos e os l\u00edderes partid\u00e1rios definiram, nesta ter\u00e7a-feira (18), os vereadores que ir\u00e3o compor&#8230;<\/p>\n","protected":false},"author":2,"featured_media":9564,"comment_status":"open","ping_status":"open","sticky":false,"template":"","format":"standard","meta":{"colormag_page_container_layout":"default_layout","colormag_page_sidebar_layout":"default_layout","jetpack_post_was_ever_published":false,"_jetpack_newsletter_access":"","_jetpack_dont_email_post_to_subs":false,"_jetpack_newsletter_tier_id":0,"_jetpack_memberships_contains_paywalled_content":false,"_jetpack_memberships_contains_paid_content":false,"footnotes":""},"categories":[2],"tags":[],"class_list":["post-11114","post","type-post","status-publish","format-standard","has-post-thumbnail","hentry","category-politica"],"jetpack_featured_media_url":"https:\/\/www.tribunanf.com.br\/blogdoralfereis\/wp-content\/uploads\/sites\/11\/2022\/06\/aguas-do-paraiba_Easy-Resize.com_.jpg","jetpack_sharing_enabled":true,"_links":{"self":[{"href":"https:\/\/www.tribunanf.com.br\/blogdoralfereis\/wp-json\/wp\/v2\/posts\/11114","targetHints":{"allow":["GET"]}}],"collection":[{"href":"https:\/\/www.tribunanf.com.br\/blogdoralfereis\/wp-json\/wp\/v2\/posts"}],"about":[{"href":"https:\/\/www.tribunanf.com.br\/blogdoralfereis\/wp-json\/wp\/v2\/types\/post"}],"author":[{"embeddable":true,"href":"https:\/\/www.tribunanf.com.br\/blogdoralfereis\/wp-json\/wp\/v2\/users\/2"}],"replies":[{"embeddable":true,"href":"https:\/\/www.tribunanf.com.br\/blogdoralfereis\/wp-json\/wp\/v2\/comments?post=11114"}],"version-history":[{"count":0,"href":"https:\/\/www.tribunanf.com.br\/blogdoralfereis\/wp-json\/wp\/v2\/posts\/11114\/revisions"}],"wp:featuredmedia":[{"embeddable":true,"href":"https:\/\/www.tribunanf.com.br\/blogdoralfereis\/wp-json\/wp\/v2\/media\/9564"}],"wp:attachment":[{"href":"https:\/\/www.tribunanf.com.br\/blogdoralfereis\/wp-json\/wp\/v2\/media?parent=11114"}],"wp:term":[{"taxonomy":"category","embeddable":true,"href":"https:\/\/www.tribunanf.com.br\/blogdoralfereis\/wp-json\/wp\/v2\/categories?post=11114"},{"taxonomy":"post_tag","embeddable":true,"href":"https:\/\/www.tribunanf.com.br\/blogdoralfereis\/wp-json\/wp\/v2\/tags?post=11114"}],"curies":[{"name":"wp","href":"https:\/\/api.w.org\/{rel}","templated":true}]}}