{"id":11111,"date":"2023-04-17T13:10:42","date_gmt":"2023-04-17T16:10:42","guid":{"rendered":"https:\/\/www.tribunanf.com.br\/blogdoralfereis\/?p=11111"},"modified":"2023-04-17T13:10:42","modified_gmt":"2023-04-17T16:10:42","slug":"secretaria-do-ambiente-e-inea-abrem-prazo-para-municipios-participarem-do-icms-ecologico-2023","status":"publish","type":"post","link":"https:\/\/www.tribunanf.com.br\/blogdoralfereis\/2023\/04\/17\/secretaria-do-ambiente-e-inea-abrem-prazo-para-municipios-participarem-do-icms-ecologico-2023\/","title":{"rendered":"Secretaria do Ambiente e Inea abrem prazo para munic\u00edpios participarem do ICMS Ecol\u00f3gico 2023"},"content":{"rendered":"<p><img loading=\"lazy\" decoding=\"async\" class=\"aligncenter size-large wp-image-10508\" src=\"https:\/\/www.tribunanf.com.br\/blogdoralfereis\/wp-content\/uploads\/sites\/11\/2022\/11\/palacio-guanabara-2017-32_Easy-Resize.com_-1024x682.jpg\" alt=\"\" width=\"800\" height=\"533\" srcset=\"https:\/\/www.tribunanf.com.br\/blogdoralfereis\/wp-content\/uploads\/sites\/11\/2022\/11\/palacio-guanabara-2017-32_Easy-Resize.com_-1024x682.jpg 1024w, https:\/\/www.tribunanf.com.br\/blogdoralfereis\/wp-content\/uploads\/sites\/11\/2022\/11\/palacio-guanabara-2017-32_Easy-Resize.com_-300x200.jpg 300w, https:\/\/www.tribunanf.com.br\/blogdoralfereis\/wp-content\/uploads\/sites\/11\/2022\/11\/palacio-guanabara-2017-32_Easy-Resize.com_-768x512.jpg 768w, https:\/\/www.tribunanf.com.br\/blogdoralfereis\/wp-content\/uploads\/sites\/11\/2022\/11\/palacio-guanabara-2017-32_Easy-Resize.com_.jpg 1280w\" sizes=\"auto, (max-width: 800px) 100vw, 800px\" \/><\/p>\n<p style=\"text-align: justify;\"><big>A Secretaria de Estado do Ambiente e Sustentabilidade (Seas) e o Instituto Estadual do Ambiente (Inea) deram in\u00edcio na semana passada \u00e0s inscri\u00e7\u00f5es para os munic\u00edpios fluminenses participarem do ICMS Ecol\u00f3gico 2023. At\u00e9 o dia 11 de maio, as prefeituras poder\u00e3o enviar as documenta\u00e7\u00f5es que comprovam suas a\u00e7\u00f5es ambientais realizadas no ano de 2022.<\/big><\/p>\n<p style=\"text-align: justify;\"><big>O ICMS Ecol\u00f3gico \u00e9 um mecanismo tribut\u00e1rio que garante aos munic\u00edpios que investem em conserva\u00e7\u00e3o ambiental uma fatia maior do ICMS repassados a elas. Em 2023, o mecanismo completa 15 anos de atua\u00e7\u00e3o, al\u00e9m de registrar o repasse hist\u00f3rico de R$ 308 milh\u00f5es.<\/big><\/p>\n<p style=\"text-align: justify;\"><big>&#8211; O ICMS Ecol\u00f3gico \u00e9 important\u00edssimo para a prote\u00e7\u00e3o dos patrim\u00f4nios ambientais do nosso estado e essencial para o desenvolvimento socioecon\u00f4mico das cidades fluminenses. Por meio do sucesso deste mecanismo, conseguimos promover excelentes resultados em diversas \u00e1reas &#8211;\u00a0celebrou o vice-governador e secret\u00e1rio de Estado do Ambiente e Sustentabilidade, Thiago Pampolha.<\/big><\/p>\n<p style=\"text-align: justify;\"><big>Vale ressaltar que o Inea pode, a qualquer momento, realizar vistorias e fiscaliza\u00e7\u00f5es a fim de verificar a autenticidade das informa\u00e7\u00f5es prestadas pelas gest\u00f5es municipais.<\/big><\/p>\n<p style=\"text-align: justify;\"><big>Para mais informa\u00e7\u00f5es sobre o ICMS Ecol\u00f3gico do Estado do Rio de Janeiro, acesse o observat\u00f3rio pelo site:\u00a0<a href=\"http:\/\/www.icmsecologicorj.com.br\/\" target=\"_blank\" rel=\"noopener\">www.icmsecologicorj.com.br<\/a>.<\/big><\/p>\n<p style=\"text-align: justify;\"><strong><big>Sobre o ICMS Ecol\u00f3gico<\/big><\/strong><\/p>\n<p style=\"text-align: justify;\"><big>O ICMS Ecol\u00f3gico no Estado do Rio de Janeiro foi criado em 2007, pela Lei Estadual n\u00ba 5.100, que alterou a lei n\u00ba 2.664 de 1996, incluindo o crit\u00e9rio de Conserva\u00e7\u00e3o Ambiental na divis\u00e3o do Imposto sobre Circula\u00e7\u00e3o de Mercadorias e Servi\u00e7os aos munic\u00edpios do estado do Rio de Janeiro.<\/big><\/p>\n<p style=\"text-align: justify;\"><big>Os repasses s\u00e3o proporcionais \u00e0s metas alcan\u00e7adas a partir de crit\u00e9rios ambientais. Ou seja, quanto melhores os indicadores, mais recursos as prefeituras recebem. A cada ano, os \u00edndices s\u00e3o recalculados, oferecendo aos munic\u00edpios que investiram em conserva\u00e7\u00e3o ambiental o aumento da sua participa\u00e7\u00e3o no repasse do imposto.<\/big><\/p>\n<p style=\"text-align: justify;\">Ascom*<\/p>\n","protected":false},"excerpt":{"rendered":"<p>A Secretaria de Estado do Ambiente e Sustentabilidade (Seas) e o Instituto Estadual do Ambiente (Inea) deram in\u00edcio na semana&#8230;<\/p>\n","protected":false},"author":2,"featured_media":10508,"comment_status":"open","ping_status":"open","sticky":false,"template":"","format":"standard","meta":{"colormag_page_container_layout":"default_layout","colormag_page_sidebar_layout":"default_layout","jetpack_post_was_ever_published":false,"_jetpack_newsletter_access":"","_jetpack_dont_email_post_to_subs":false,"_jetpack_newsletter_tier_id":0,"_jetpack_memberships_contains_paywalled_content":false,"_jetpack_memberships_contains_paid_content":false,"footnotes":""},"categories":[2],"tags":[],"class_list":["post-11111","post","type-post","status-publish","format-standard","has-post-thumbnail","hentry","category-politica"],"jetpack_featured_media_url":"https:\/\/www.tribunanf.com.br\/blogdoralfereis\/wp-content\/uploads\/sites\/11\/2022\/11\/palacio-guanabara-2017-32_Easy-Resize.com_.jpg","jetpack_sharing_enabled":true,"_links":{"self":[{"href":"https:\/\/www.tribunanf.com.br\/blogdoralfereis\/wp-json\/wp\/v2\/posts\/11111","targetHints":{"allow":["GET"]}}],"collection":[{"href":"https:\/\/www.tribunanf.com.br\/blogdoralfereis\/wp-json\/wp\/v2\/posts"}],"about":[{"href":"https:\/\/www.tribunanf.com.br\/blogdoralfereis\/wp-json\/wp\/v2\/types\/post"}],"author":[{"embeddable":true,"href":"https:\/\/www.tribunanf.com.br\/blogdoralfereis\/wp-json\/wp\/v2\/users\/2"}],"replies":[{"embeddable":true,"href":"https:\/\/www.tribunanf.com.br\/blogdoralfereis\/wp-json\/wp\/v2\/comments?post=11111"}],"version-history":[{"count":0,"href":"https:\/\/www.tribunanf.com.br\/blogdoralfereis\/wp-json\/wp\/v2\/posts\/11111\/revisions"}],"wp:featuredmedia":[{"embeddable":true,"href":"https:\/\/www.tribunanf.com.br\/blogdoralfereis\/wp-json\/wp\/v2\/media\/10508"}],"wp:attachment":[{"href":"https:\/\/www.tribunanf.com.br\/blogdoralfereis\/wp-json\/wp\/v2\/media?parent=11111"}],"wp:term":[{"taxonomy":"category","embeddable":true,"href":"https:\/\/www.tribunanf.com.br\/blogdoralfereis\/wp-json\/wp\/v2\/categories?post=11111"},{"taxonomy":"post_tag","embeddable":true,"href":"https:\/\/www.tribunanf.com.br\/blogdoralfereis\/wp-json\/wp\/v2\/tags?post=11111"}],"curies":[{"name":"wp","href":"https:\/\/api.w.org\/{rel}","templated":true}]}}