{"id":11085,"date":"2023-04-09T08:53:30","date_gmt":"2023-04-09T11:53:30","guid":{"rendered":"https:\/\/www.tribunanf.com.br\/blogdoralfereis\/?p=11085"},"modified":"2023-04-09T08:53:30","modified_gmt":"2023-04-09T11:53:30","slug":"campanha-publicitaria-dos-100-dias-do-governo-lula-diz-que-o-brasil-voltou","status":"publish","type":"post","link":"https:\/\/www.tribunanf.com.br\/blogdoralfereis\/2023\/04\/09\/campanha-publicitaria-dos-100-dias-do-governo-lula-diz-que-o-brasil-voltou\/","title":{"rendered":"Campanha publicit\u00e1ria dos 100 dias do governo Lula diz que o Brasil voltou"},"content":{"rendered":"<p><img loading=\"lazy\" decoding=\"async\" class=\"aligncenter size-large wp-image-11086\" src=\"https:\/\/www.tribunanf.com.br\/blogdoralfereis\/wp-content\/uploads\/sites\/11\/2023\/04\/obrasilvoltou_Easy-Resize.com_-1024x576.jpg\" alt=\"\" width=\"800\" height=\"450\" srcset=\"https:\/\/www.tribunanf.com.br\/blogdoralfereis\/wp-content\/uploads\/sites\/11\/2023\/04\/obrasilvoltou_Easy-Resize.com_-1024x576.jpg 1024w, https:\/\/www.tribunanf.com.br\/blogdoralfereis\/wp-content\/uploads\/sites\/11\/2023\/04\/obrasilvoltou_Easy-Resize.com_-300x169.jpg 300w, https:\/\/www.tribunanf.com.br\/blogdoralfereis\/wp-content\/uploads\/sites\/11\/2023\/04\/obrasilvoltou_Easy-Resize.com_-768x432.jpg 768w, https:\/\/www.tribunanf.com.br\/blogdoralfereis\/wp-content\/uploads\/sites\/11\/2023\/04\/obrasilvoltou_Easy-Resize.com_.jpg 1280w\" sizes=\"auto, (max-width: 800px) 100vw, 800px\" \/><\/p>\n<p style=\"text-align: justify;\">Prestes a completar 100 dias, o governo Lula lan\u00e7ou neste s\u00e1bado uma campanha publicit\u00e1ria para celebrar a marca, com o slogan \u201cO Brasil voltou\u201c.<\/p>\n<p style=\"text-align: justify;\">O v\u00eddeo come\u00e7a exibindo paisagens da Amaz\u00f4nia, do Pelourinho, em Salvador, do Cristo Redentor, no Rio de Janeiro, de um pasto, de dunas e da avenida Paulista, em S\u00e3o Paulo. Narradores ent\u00e3o declamam versos de \u201cAquarela do Brasil\u201d, can\u00e7\u00e3o composta por Ary Barroso em 1939: \u201cBrasil, meu Brasil brasileiro, vou cantar-te nos meus versos. Brasil verde que d\u00e1. Para o mundo se admirar. O Brasil do meu amor Brasil pra mim, pra mim, pra mim, Brasil\u201d.<\/p>\n<blockquote class=\"twitter-tweet\" data-width=\"550\" data-dnt=\"true\">\n<p lang=\"pt\" dir=\"ltr\">Brasil brasileiro \u00e9 o Brasil que ama e cuida do seu povo. \u00c9 o Brasil que est\u00e1 de volta para fazer mais pela sa\u00fade, pela cultura, pela educa\u00e7\u00e3o,\u00a0pelo meio ambiente, pelas pessoas. Brasil brasileiro \u00e9 o pa\u00eds de todos e para todos. <a href=\"https:\/\/twitter.com\/hashtag\/OBrasilVoltou?src=hash&amp;ref_src=twsrc%5Etfw\" target=\"_blank\" rel=\"noopener\">#OBrasilVoltou<\/a> <a href=\"https:\/\/t.co\/9uUEwmpVWQ\">pic.twitter.com\/9uUEwmpVWQ<\/a><\/p>\n<p>&mdash; Governo do Brasil (@govbr) <a href=\"https:\/\/twitter.com\/govbr\/status\/1644716742608928769?ref_src=twsrc%5Etfw\" target=\"_blank\" rel=\"noopener\">April 8, 2023<\/a><\/p><\/blockquote>\n<p><script async src=\"https:\/\/platform.twitter.com\/widgets.js\" charset=\"utf-8\"><\/script><\/p>\n<p style=\"text-align: justify;\">Na tela, aparecem mensagens anunciando que voltaram o valor da cultura, o cuidado com o meio ambiente, o respeito internacional, a prote\u00e7\u00e3o \u00e0 sa\u00fade e o respeito a todas as cren\u00e7as.\u00a0\u201cO Brasil que ama sua terra, sua cultura, sua natureza, sua gente voltou. Voltou para cuidar e fazer mais, muito mais, para cada brasileiro e brasileira. Unindo cuidado e crescimento. Pessoas e desenvolvimento. Respeito aqui dentro e l\u00e1 fora. O Brasil voltou. Pra fazer mais por nossa gente. Brasil. Uni\u00e3o e reconstru\u00e7\u00e3o\u201d, diz um narrador, citando o slogan do governo Lula.<\/p>\n<p style=\"text-align: justify;\">Nas redes sociais, o Pal\u00e1cio do Planalto publicou uma postagem dizendo que \u201cBrasil brasileiro \u00e9 o Brasil que ama e cuida do seu povo. \u00c9 o Brasil que est\u00e1 de volta para fazer mais pela sa\u00fade, pela cultura, pela educa\u00e7\u00e3o, pelo meio ambiente, pelas pessoas. Brasil brasileiro \u00e9 o pa\u00eds de todos e para todos\u201d. E concluiu com a hashtag #OBrasilVoltou.<\/p>\n<p style=\"text-align: justify;\">J\u00e1 o ministro da Secretaria de Comunica\u00e7\u00e3o Social, o petista Paulo Pimenta, acrescentou outra, mais focada no presidente: \u201c#LulaCemDiasDeTrabalhoEAmor\u201d.<\/p>\n<p style=\"text-align: justify;\">Fonte: Radar, Veja.<\/p>\n","protected":false},"excerpt":{"rendered":"<p>Prestes a completar 100 dias, o governo Lula lan\u00e7ou neste s\u00e1bado uma campanha publicit\u00e1ria para celebrar a marca, com o&#8230;<\/p>\n","protected":false},"author":2,"featured_media":11086,"comment_status":"open","ping_status":"open","sticky":false,"template":"","format":"standard","meta":{"colormag_page_container_layout":"default_layout","colormag_page_sidebar_layout":"default_layout","jetpack_post_was_ever_published":false,"_jetpack_newsletter_access":"","_jetpack_dont_email_post_to_subs":false,"_jetpack_newsletter_tier_id":0,"_jetpack_memberships_contains_paywalled_content":false,"_jetpack_memberships_contains_paid_content":false,"footnotes":""},"categories":[2],"tags":[],"class_list":["post-11085","post","type-post","status-publish","format-standard","has-post-thumbnail","hentry","category-politica"],"jetpack_featured_media_url":"https:\/\/www.tribunanf.com.br\/blogdoralfereis\/wp-content\/uploads\/sites\/11\/2023\/04\/obrasilvoltou_Easy-Resize.com_.jpg","jetpack_sharing_enabled":true,"_links":{"self":[{"href":"https:\/\/www.tribunanf.com.br\/blogdoralfereis\/wp-json\/wp\/v2\/posts\/11085","targetHints":{"allow":["GET"]}}],"collection":[{"href":"https:\/\/www.tribunanf.com.br\/blogdoralfereis\/wp-json\/wp\/v2\/posts"}],"about":[{"href":"https:\/\/www.tribunanf.com.br\/blogdoralfereis\/wp-json\/wp\/v2\/types\/post"}],"author":[{"embeddable":true,"href":"https:\/\/www.tribunanf.com.br\/blogdoralfereis\/wp-json\/wp\/v2\/users\/2"}],"replies":[{"embeddable":true,"href":"https:\/\/www.tribunanf.com.br\/blogdoralfereis\/wp-json\/wp\/v2\/comments?post=11085"}],"version-history":[{"count":0,"href":"https:\/\/www.tribunanf.com.br\/blogdoralfereis\/wp-json\/wp\/v2\/posts\/11085\/revisions"}],"wp:featuredmedia":[{"embeddable":true,"href":"https:\/\/www.tribunanf.com.br\/blogdoralfereis\/wp-json\/wp\/v2\/media\/11086"}],"wp:attachment":[{"href":"https:\/\/www.tribunanf.com.br\/blogdoralfereis\/wp-json\/wp\/v2\/media?parent=11085"}],"wp:term":[{"taxonomy":"category","embeddable":true,"href":"https:\/\/www.tribunanf.com.br\/blogdoralfereis\/wp-json\/wp\/v2\/categories?post=11085"},{"taxonomy":"post_tag","embeddable":true,"href":"https:\/\/www.tribunanf.com.br\/blogdoralfereis\/wp-json\/wp\/v2\/tags?post=11085"}],"curies":[{"name":"wp","href":"https:\/\/api.w.org\/{rel}","templated":true}]}}