{"id":11079,"date":"2023-04-05T17:35:30","date_gmt":"2023-04-05T20:35:30","guid":{"rendered":"https:\/\/www.tribunanf.com.br\/blogdoralfereis\/?p=11079"},"modified":"2023-04-05T17:41:06","modified_gmt":"2023-04-05T20:41:06","slug":"com-apoio-de-wladimir-garotinho-e-rodrigo-bacellar-rafael-diniz-tem-contas-aprovadas-pela-camara","status":"publish","type":"post","link":"https:\/\/www.tribunanf.com.br\/blogdoralfereis\/2023\/04\/05\/com-apoio-de-wladimir-garotinho-e-rodrigo-bacellar-rafael-diniz-tem-contas-aprovadas-pela-camara\/","title":{"rendered":"Com apoio de Wladimir Garotinho e Rodrigo Bacellar, Rafael Diniz tem contas aprovadas pela C\u00e2mara"},"content":{"rendered":"<figure id=\"attachment_11080\" aria-describedby=\"caption-attachment-11080\" style=\"width: 800px\" class=\"wp-caption aligncenter\"><img loading=\"lazy\" decoding=\"async\" class=\"wp-image-11080 size-large\" src=\"https:\/\/www.tribunanf.com.br\/blogdoralfereis\/wp-content\/uploads\/sites\/11\/2023\/04\/Rafael-Diniz-Carlos-Grevi-4-511x360_Easy-Resize.com_-1024x722.jpg\" alt=\"\" width=\"800\" height=\"564\" srcset=\"https:\/\/www.tribunanf.com.br\/blogdoralfereis\/wp-content\/uploads\/sites\/11\/2023\/04\/Rafael-Diniz-Carlos-Grevi-4-511x360_Easy-Resize.com_-1024x722.jpg 1024w, https:\/\/www.tribunanf.com.br\/blogdoralfereis\/wp-content\/uploads\/sites\/11\/2023\/04\/Rafael-Diniz-Carlos-Grevi-4-511x360_Easy-Resize.com_-300x211.jpg 300w, https:\/\/www.tribunanf.com.br\/blogdoralfereis\/wp-content\/uploads\/sites\/11\/2023\/04\/Rafael-Diniz-Carlos-Grevi-4-511x360_Easy-Resize.com_-768x541.jpg 768w, https:\/\/www.tribunanf.com.br\/blogdoralfereis\/wp-content\/uploads\/sites\/11\/2023\/04\/Rafael-Diniz-Carlos-Grevi-4-511x360_Easy-Resize.com_.jpg 1280w\" sizes=\"auto, (max-width: 800px) 100vw, 800px\" \/><figcaption id=\"caption-attachment-11080\" class=\"wp-caption-text\">Foto: arquivo<\/figcaption><\/figure>\n<p style=\"text-align: justify;\">A C\u00e2mara Municipal de Campos dos Goytacazes aprovou nesta quarta-feira (5), com 19 votos favor\u00e1veis, as contas de 2020 do ex-prefeito Rafael Diniz.<\/p>\n<p style=\"text-align: justify;\">A aprova\u00e7\u00e3o faz parte do acordo de pacifica\u00e7\u00e3o pol\u00edtica entre o presidente da Alerj Rodrigo Bacellar e o prefeito Wladimir Garotinho.<\/p>\n","protected":false},"excerpt":{"rendered":"<p>A C\u00e2mara Municipal de Campos dos Goytacazes aprovou nesta quarta-feira (5), com 19 votos favor\u00e1veis, as contas de 2020 do&#8230;<\/p>\n","protected":false},"author":2,"featured_media":11080,"comment_status":"open","ping_status":"open","sticky":false,"template":"","format":"standard","meta":{"colormag_page_container_layout":"default_layout","colormag_page_sidebar_layout":"default_layout","jetpack_post_was_ever_published":false,"_jetpack_newsletter_access":"","_jetpack_dont_email_post_to_subs":false,"_jetpack_newsletter_tier_id":0,"_jetpack_memberships_contains_paywalled_content":false,"_jetpack_memberships_contains_paid_content":false,"footnotes":""},"categories":[2],"tags":[],"class_list":["post-11079","post","type-post","status-publish","format-standard","has-post-thumbnail","hentry","category-politica"],"jetpack_featured_media_url":"https:\/\/www.tribunanf.com.br\/blogdoralfereis\/wp-content\/uploads\/sites\/11\/2023\/04\/Rafael-Diniz-Carlos-Grevi-4-511x360_Easy-Resize.com_.jpg","jetpack_sharing_enabled":true,"_links":{"self":[{"href":"https:\/\/www.tribunanf.com.br\/blogdoralfereis\/wp-json\/wp\/v2\/posts\/11079","targetHints":{"allow":["GET"]}}],"collection":[{"href":"https:\/\/www.tribunanf.com.br\/blogdoralfereis\/wp-json\/wp\/v2\/posts"}],"about":[{"href":"https:\/\/www.tribunanf.com.br\/blogdoralfereis\/wp-json\/wp\/v2\/types\/post"}],"author":[{"embeddable":true,"href":"https:\/\/www.tribunanf.com.br\/blogdoralfereis\/wp-json\/wp\/v2\/users\/2"}],"replies":[{"embeddable":true,"href":"https:\/\/www.tribunanf.com.br\/blogdoralfereis\/wp-json\/wp\/v2\/comments?post=11079"}],"version-history":[{"count":0,"href":"https:\/\/www.tribunanf.com.br\/blogdoralfereis\/wp-json\/wp\/v2\/posts\/11079\/revisions"}],"wp:featuredmedia":[{"embeddable":true,"href":"https:\/\/www.tribunanf.com.br\/blogdoralfereis\/wp-json\/wp\/v2\/media\/11080"}],"wp:attachment":[{"href":"https:\/\/www.tribunanf.com.br\/blogdoralfereis\/wp-json\/wp\/v2\/media?parent=11079"}],"wp:term":[{"taxonomy":"category","embeddable":true,"href":"https:\/\/www.tribunanf.com.br\/blogdoralfereis\/wp-json\/wp\/v2\/categories?post=11079"},{"taxonomy":"post_tag","embeddable":true,"href":"https:\/\/www.tribunanf.com.br\/blogdoralfereis\/wp-json\/wp\/v2\/tags?post=11079"}],"curies":[{"name":"wp","href":"https:\/\/api.w.org\/{rel}","templated":true}]}}