{"id":11040,"date":"2023-03-28T11:30:41","date_gmt":"2023-03-28T14:30:41","guid":{"rendered":"https:\/\/www.tribunanf.com.br\/blogdoralfereis\/?p=11040"},"modified":"2023-03-28T11:30:41","modified_gmt":"2023-03-28T14:30:41","slug":"psdb-anuncia-aspasia-camargo-na-presidencia-do-partido-no-rio","status":"publish","type":"post","link":"https:\/\/www.tribunanf.com.br\/blogdoralfereis\/2023\/03\/28\/psdb-anuncia-aspasia-camargo-na-presidencia-do-partido-no-rio\/","title":{"rendered":"PSDB anuncia Asp\u00e1sia Camargo na presid\u00eancia do partido no Rio"},"content":{"rendered":"<p><img loading=\"lazy\" decoding=\"async\" class=\"aligncenter size-large wp-image-11041\" src=\"https:\/\/www.tribunanf.com.br\/blogdoralfereis\/wp-content\/uploads\/sites\/11\/2023\/03\/a-volta-a-china-em-33-dias-viagem-de-aspasia-camargo-custou-r-170-mil_Easy-Resize.com_-1024x576.jpg\" alt=\"\" width=\"800\" height=\"450\" srcset=\"https:\/\/www.tribunanf.com.br\/blogdoralfereis\/wp-content\/uploads\/sites\/11\/2023\/03\/a-volta-a-china-em-33-dias-viagem-de-aspasia-camargo-custou-r-170-mil_Easy-Resize.com_-1024x576.jpg 1024w, https:\/\/www.tribunanf.com.br\/blogdoralfereis\/wp-content\/uploads\/sites\/11\/2023\/03\/a-volta-a-china-em-33-dias-viagem-de-aspasia-camargo-custou-r-170-mil_Easy-Resize.com_-300x169.jpg 300w, https:\/\/www.tribunanf.com.br\/blogdoralfereis\/wp-content\/uploads\/sites\/11\/2023\/03\/a-volta-a-china-em-33-dias-viagem-de-aspasia-camargo-custou-r-170-mil_Easy-Resize.com_-768x432.jpg 768w, https:\/\/www.tribunanf.com.br\/blogdoralfereis\/wp-content\/uploads\/sites\/11\/2023\/03\/a-volta-a-china-em-33-dias-viagem-de-aspasia-camargo-custou-r-170-mil_Easy-Resize.com_.jpg 1280w\" sizes=\"auto, (max-width: 800px) 100vw, 800px\" \/><\/p>\n<p style=\"text-align: justify;\">Ap\u00f3s semanas de incertezas \u2014 e clima de navio naufragando \u2014 o PSDB nacional anunciou que a ex-deputada Asp\u00e1sia Camargo vai assumir o comando do partido no Rio de Janeiro.<\/p>\n<p style=\"text-align: justify;\">Os tucanos estavam sem chefia por aqui desde que o ex-presidente da C\u00e2mara dos Deputados Rodrigo Maia deixou a vida pol\u00edtica e seu pai, o vereador e ex-prefeito Cesar Maia, recusou assumir a presid\u00eancia no estado.<\/p>\n<p style=\"text-align: justify;\">No comunicado, o partido afirma que a miss\u00e3o de Asp\u00e1sia ser\u00e1 reorganizar financeira e administrativamente o diret\u00f3rio estadual. Esse \u00e9 um ponto cr\u00edtico para a sobreviv\u00eancia dos tucanos no Rio: funcion\u00e1rios foram demitidos e as contas de condom\u00ednio, IPTU, luz e telefone da sede, na Barra da Tijuca, est\u00e3o penduradas.<\/p>\n<p style=\"text-align: justify;\">\u201cO PSDB vai dialogar com as for\u00e7as vivas da intelig\u00eancia pol\u00edtica do Rio, para que voltemos n\u00e3o apenas a ganhar elei\u00e7\u00f5es no estado, mas para que possamos tamb\u00e9m contribuir com a governabilidade do Brasil\u201d, disse a nova presidente do diret\u00f3rio carioca.<\/p>\n<p style=\"text-align: justify;\">A decis\u00e3o do presidente nacional, Eduardo Leite, estanca as investidas de Eduardo Paes e Pastor Everaldo por aqui. Ambos cogitaram estrat\u00e9gias para ocupar o espa\u00e7o at\u00e9 ent\u00e3o vazio.<\/p>\n<p style=\"text-align: justify;\">Agora, resta ao PSDB resolver-se com seu parceiro de federa\u00e7\u00e3o, o Cidadania. O partido estava largado \u00e0 pr\u00f3pria sorte e j\u00e1 come\u00e7ava a se preocupar com as condi\u00e7\u00f5es para formar a nominata que vai concorrer no pr\u00f3ximo pleito.<\/p>\n<p style=\"text-align: justify;\">Fonte: Extra, Extra<\/p>\n","protected":false},"excerpt":{"rendered":"<p>Ap\u00f3s semanas de incertezas \u2014 e clima de navio naufragando \u2014 o PSDB nacional anunciou que a ex-deputada Asp\u00e1sia Camargo&#8230;<\/p>\n","protected":false},"author":2,"featured_media":11041,"comment_status":"open","ping_status":"open","sticky":false,"template":"","format":"standard","meta":{"colormag_page_container_layout":"default_layout","colormag_page_sidebar_layout":"default_layout","jetpack_post_was_ever_published":false,"_jetpack_newsletter_access":"","_jetpack_dont_email_post_to_subs":false,"_jetpack_newsletter_tier_id":0,"_jetpack_memberships_contains_paywalled_content":false,"_jetpack_memberships_contains_paid_content":false,"footnotes":""},"categories":[2],"tags":[],"class_list":["post-11040","post","type-post","status-publish","format-standard","has-post-thumbnail","hentry","category-politica"],"jetpack_featured_media_url":"https:\/\/www.tribunanf.com.br\/blogdoralfereis\/wp-content\/uploads\/sites\/11\/2023\/03\/a-volta-a-china-em-33-dias-viagem-de-aspasia-camargo-custou-r-170-mil_Easy-Resize.com_.jpg","jetpack_sharing_enabled":true,"_links":{"self":[{"href":"https:\/\/www.tribunanf.com.br\/blogdoralfereis\/wp-json\/wp\/v2\/posts\/11040","targetHints":{"allow":["GET"]}}],"collection":[{"href":"https:\/\/www.tribunanf.com.br\/blogdoralfereis\/wp-json\/wp\/v2\/posts"}],"about":[{"href":"https:\/\/www.tribunanf.com.br\/blogdoralfereis\/wp-json\/wp\/v2\/types\/post"}],"author":[{"embeddable":true,"href":"https:\/\/www.tribunanf.com.br\/blogdoralfereis\/wp-json\/wp\/v2\/users\/2"}],"replies":[{"embeddable":true,"href":"https:\/\/www.tribunanf.com.br\/blogdoralfereis\/wp-json\/wp\/v2\/comments?post=11040"}],"version-history":[{"count":0,"href":"https:\/\/www.tribunanf.com.br\/blogdoralfereis\/wp-json\/wp\/v2\/posts\/11040\/revisions"}],"wp:featuredmedia":[{"embeddable":true,"href":"https:\/\/www.tribunanf.com.br\/blogdoralfereis\/wp-json\/wp\/v2\/media\/11041"}],"wp:attachment":[{"href":"https:\/\/www.tribunanf.com.br\/blogdoralfereis\/wp-json\/wp\/v2\/media?parent=11040"}],"wp:term":[{"taxonomy":"category","embeddable":true,"href":"https:\/\/www.tribunanf.com.br\/blogdoralfereis\/wp-json\/wp\/v2\/categories?post=11040"},{"taxonomy":"post_tag","embeddable":true,"href":"https:\/\/www.tribunanf.com.br\/blogdoralfereis\/wp-json\/wp\/v2\/tags?post=11040"}],"curies":[{"name":"wp","href":"https:\/\/api.w.org\/{rel}","templated":true}]}}