{"id":11031,"date":"2023-03-27T08:41:01","date_gmt":"2023-03-27T11:41:01","guid":{"rendered":"https:\/\/www.tribunanf.com.br\/blogdoralfereis\/?p=11031"},"modified":"2023-03-27T08:42:51","modified_gmt":"2023-03-27T11:42:51","slug":"exclusivo-confira-a-decisao-da-justica-que-obriga-rede-super-bom-supermercados-cumprir-diversas-obrigacoes-relativas-a-jornada-de-trabalho","status":"publish","type":"post","link":"https:\/\/www.tribunanf.com.br\/blogdoralfereis\/2023\/03\/27\/exclusivo-confira-a-decisao-da-justica-que-obriga-rede-super-bom-supermercados-cumprir-diversas-obrigacoes-relativas-a-jornada-de-trabalho\/","title":{"rendered":"Exclusivo: confira a decis\u00e3o da justi\u00e7a que obriga rede Super Bom Supermercados cumprir diversas obriga\u00e7\u00f5es relativas \u00e0 jornada de trabalho"},"content":{"rendered":"<p><img loading=\"lazy\" decoding=\"async\" class=\"aligncenter size-large wp-image-11037\" src=\"https:\/\/www.tribunanf.com.br\/blogdoralfereis\/wp-content\/uploads\/sites\/11\/2023\/03\/super-bom_Easy-Resize.com_-1024x576.jpg\" alt=\"\" width=\"800\" height=\"450\" srcset=\"https:\/\/www.tribunanf.com.br\/blogdoralfereis\/wp-content\/uploads\/sites\/11\/2023\/03\/super-bom_Easy-Resize.com_-1024x576.jpg 1024w, https:\/\/www.tribunanf.com.br\/blogdoralfereis\/wp-content\/uploads\/sites\/11\/2023\/03\/super-bom_Easy-Resize.com_-300x169.jpg 300w, https:\/\/www.tribunanf.com.br\/blogdoralfereis\/wp-content\/uploads\/sites\/11\/2023\/03\/super-bom_Easy-Resize.com_-768x432.jpg 768w, https:\/\/www.tribunanf.com.br\/blogdoralfereis\/wp-content\/uploads\/sites\/11\/2023\/03\/super-bom_Easy-Resize.com_.jpg 1280w\" sizes=\"auto, (max-width: 800px) 100vw, 800px\" \/><\/p>\n<p style=\"text-align: justify;\">Conforme publicado nesse domingo (26) em Tribuna NF (<strong><a href=\"https:\/\/www.tribunanf.com.br\/justica-determina-que-rede-super-bom-supermercados-cumpra-diversas-obrigacoes-relativas-a-jornada-de-trabalho\/\">AQUI<\/a><\/strong>), a 3\u00aa Vara do Trabalho de Campos dos Goytacazes expediu liminar, em sede de tutela provis\u00f3ria de urg\u00eancia, determinando que a empresa Barcelos e Cia Ltda (Grupo Barcelos \u2013 Super Bom Supermercados) cumpra uma s\u00e9rie de medidas para regularizar a anota\u00e7\u00e3o e controle da jornada de seus empregados. A decis\u00e3o, v\u00e1lida para todas as unidades do supermercado no Estado do Rio de Janeiro, atende a pedidos feitos pelo Minist\u00e9rio P\u00fablico do Trabalho no Rio de Janeiro (MPT-RJ), por meio da Procuradoria do Trabalho no Munic\u00edpio (PTM) de Campos dos Goytacazes, no bojo de A\u00e7\u00e3o Civil P\u00fablica (ACP).<\/p>\n<p style=\"text-align: justify;\">O MPT-RJ instaurou o Inqu\u00e9rito Civil (IC) em face da rede de supermercados para apurar den\u00fancias de irregularidades trabalhistas na anota\u00e7\u00e3o e controle da jornada e ass\u00e9dio moral. Testemunhas ouvidas em Ju\u00edzo, confirmaram a pr\u00e1tica da empresa de impor a anota\u00e7\u00e3o de hor\u00e1rios diferentes dos reais ou da consigna\u00e7\u00e3o de folga quando exigida presta\u00e7\u00e3o de servi\u00e7os, inclusive sob amea\u00e7a de perda do emprego.<\/p>\n<p style=\"text-align: justify;\">A empresa foi notificada para informar seu interesse na celebra\u00e7\u00e3o de Termo de Ajuste de Conduta (TAC), visando a solu\u00e7\u00e3o extrajudicial da quest\u00e3o, todavia, n\u00e3o manifestou interesse. Diante dos fatos apurados, o MPT ajuizou ACP que resultou na decis\u00e3o de natureza provis\u00f3ria.<\/p>\n<p style=\"text-align: justify;\">Confira \u00e0 \u00edntegra da decis\u00e3o: <a href=\"https:\/\/www.tribunanf.com.br\/blogdoralfereis\/wp-content\/uploads\/sites\/11\/2023\/03\/Decisao-Justica-do-Trabalho-contra-o-Super-Bom.pdf\">Decis\u00e3o Justi\u00e7a do Trabalho contra o Super Bom<\/a><\/p>\n<p><img loading=\"lazy\" decoding=\"async\" class=\"aligncenter size-large wp-image-11035\" src=\"https:\/\/www.tribunanf.com.br\/blogdoralfereis\/wp-content\/uploads\/sites\/11\/2023\/03\/Decisao-Justica-do-Trabalho-contra-o-Super-Bom_page-0002-724x1024.jpg\" alt=\"\" width=\"724\" height=\"1024\" srcset=\"https:\/\/www.tribunanf.com.br\/blogdoralfereis\/wp-content\/uploads\/sites\/11\/2023\/03\/Decisao-Justica-do-Trabalho-contra-o-Super-Bom_page-0002-724x1024.jpg 724w, https:\/\/www.tribunanf.com.br\/blogdoralfereis\/wp-content\/uploads\/sites\/11\/2023\/03\/Decisao-Justica-do-Trabalho-contra-o-Super-Bom_page-0002-212x300.jpg 212w, https:\/\/www.tribunanf.com.br\/blogdoralfereis\/wp-content\/uploads\/sites\/11\/2023\/03\/Decisao-Justica-do-Trabalho-contra-o-Super-Bom_page-0002-768x1087.jpg 768w, https:\/\/www.tribunanf.com.br\/blogdoralfereis\/wp-content\/uploads\/sites\/11\/2023\/03\/Decisao-Justica-do-Trabalho-contra-o-Super-Bom_page-0002-1085x1536.jpg 1085w, https:\/\/www.tribunanf.com.br\/blogdoralfereis\/wp-content\/uploads\/sites\/11\/2023\/03\/Decisao-Justica-do-Trabalho-contra-o-Super-Bom_page-0002.jpg 1240w\" sizes=\"auto, (max-width: 724px) 100vw, 724px\" \/><\/p>\n<p><img loading=\"lazy\" decoding=\"async\" class=\"aligncenter size-large wp-image-11033\" src=\"https:\/\/www.tribunanf.com.br\/blogdoralfereis\/wp-content\/uploads\/sites\/11\/2023\/03\/Decisao-Justica-do-Trabalho-contra-o-Super-Bom_page-0003-724x1024.jpg\" alt=\"\" width=\"724\" height=\"1024\" srcset=\"https:\/\/www.tribunanf.com.br\/blogdoralfereis\/wp-content\/uploads\/sites\/11\/2023\/03\/Decisao-Justica-do-Trabalho-contra-o-Super-Bom_page-0003-724x1024.jpg 724w, https:\/\/www.tribunanf.com.br\/blogdoralfereis\/wp-content\/uploads\/sites\/11\/2023\/03\/Decisao-Justica-do-Trabalho-contra-o-Super-Bom_page-0003-212x300.jpg 212w, https:\/\/www.tribunanf.com.br\/blogdoralfereis\/wp-content\/uploads\/sites\/11\/2023\/03\/Decisao-Justica-do-Trabalho-contra-o-Super-Bom_page-0003-768x1087.jpg 768w, https:\/\/www.tribunanf.com.br\/blogdoralfereis\/wp-content\/uploads\/sites\/11\/2023\/03\/Decisao-Justica-do-Trabalho-contra-o-Super-Bom_page-0003-1085x1536.jpg 1085w, https:\/\/www.tribunanf.com.br\/blogdoralfereis\/wp-content\/uploads\/sites\/11\/2023\/03\/Decisao-Justica-do-Trabalho-contra-o-Super-Bom_page-0003.jpg 1240w\" sizes=\"auto, (max-width: 724px) 100vw, 724px\" \/> <img loading=\"lazy\" decoding=\"async\" class=\"aligncenter size-large wp-image-11034\" src=\"https:\/\/www.tribunanf.com.br\/blogdoralfereis\/wp-content\/uploads\/sites\/11\/2023\/03\/Decisao-Justica-do-Trabalho-contra-o-Super-Bom_page-0004-724x1024.jpg\" alt=\"\" width=\"724\" height=\"1024\" srcset=\"https:\/\/www.tribunanf.com.br\/blogdoralfereis\/wp-content\/uploads\/sites\/11\/2023\/03\/Decisao-Justica-do-Trabalho-contra-o-Super-Bom_page-0004-724x1024.jpg 724w, https:\/\/www.tribunanf.com.br\/blogdoralfereis\/wp-content\/uploads\/sites\/11\/2023\/03\/Decisao-Justica-do-Trabalho-contra-o-Super-Bom_page-0004-212x300.jpg 212w, https:\/\/www.tribunanf.com.br\/blogdoralfereis\/wp-content\/uploads\/sites\/11\/2023\/03\/Decisao-Justica-do-Trabalho-contra-o-Super-Bom_page-0004-768x1087.jpg 768w, https:\/\/www.tribunanf.com.br\/blogdoralfereis\/wp-content\/uploads\/sites\/11\/2023\/03\/Decisao-Justica-do-Trabalho-contra-o-Super-Bom_page-0004-1085x1536.jpg 1085w, https:\/\/www.tribunanf.com.br\/blogdoralfereis\/wp-content\/uploads\/sites\/11\/2023\/03\/Decisao-Justica-do-Trabalho-contra-o-Super-Bom_page-0004.jpg 1240w\" sizes=\"auto, (max-width: 724px) 100vw, 724px\" \/> <img loading=\"lazy\" decoding=\"async\" class=\"aligncenter size-large wp-image-11032\" src=\"https:\/\/www.tribunanf.com.br\/blogdoralfereis\/wp-content\/uploads\/sites\/11\/2023\/03\/Decisao-Justica-do-Trabalho-contra-o-Super-Bom_page-0005-724x1024.jpg\" alt=\"\" width=\"724\" height=\"1024\" srcset=\"https:\/\/www.tribunanf.com.br\/blogdoralfereis\/wp-content\/uploads\/sites\/11\/2023\/03\/Decisao-Justica-do-Trabalho-contra-o-Super-Bom_page-0005-724x1024.jpg 724w, https:\/\/www.tribunanf.com.br\/blogdoralfereis\/wp-content\/uploads\/sites\/11\/2023\/03\/Decisao-Justica-do-Trabalho-contra-o-Super-Bom_page-0005-212x300.jpg 212w, https:\/\/www.tribunanf.com.br\/blogdoralfereis\/wp-content\/uploads\/sites\/11\/2023\/03\/Decisao-Justica-do-Trabalho-contra-o-Super-Bom_page-0005-768x1087.jpg 768w, https:\/\/www.tribunanf.com.br\/blogdoralfereis\/wp-content\/uploads\/sites\/11\/2023\/03\/Decisao-Justica-do-Trabalho-contra-o-Super-Bom_page-0005-1085x1536.jpg 1085w, https:\/\/www.tribunanf.com.br\/blogdoralfereis\/wp-content\/uploads\/sites\/11\/2023\/03\/Decisao-Justica-do-Trabalho-contra-o-Super-Bom_page-0005.jpg 1240w\" sizes=\"auto, (max-width: 724px) 100vw, 724px\" \/><\/p>\n","protected":false},"excerpt":{"rendered":"<p>Conforme publicado nesse domingo (26) em Tribuna NF (AQUI), a 3\u00aa Vara do Trabalho de Campos dos Goytacazes expediu liminar,&#8230;<\/p>\n","protected":false},"author":2,"featured_media":11037,"comment_status":"open","ping_status":"open","sticky":false,"template":"","format":"standard","meta":{"colormag_page_container_layout":"default_layout","colormag_page_sidebar_layout":"default_layout","jetpack_post_was_ever_published":false,"_jetpack_newsletter_access":"","_jetpack_dont_email_post_to_subs":false,"_jetpack_newsletter_tier_id":0,"_jetpack_memberships_contains_paywalled_content":false,"_jetpack_memberships_contains_paid_content":false,"footnotes":""},"categories":[7],"tags":[],"class_list":["post-11031","post","type-post","status-publish","format-standard","has-post-thumbnail","hentry","category-economia"],"jetpack_featured_media_url":"https:\/\/www.tribunanf.com.br\/blogdoralfereis\/wp-content\/uploads\/sites\/11\/2023\/03\/super-bom_Easy-Resize.com_.jpg","jetpack_sharing_enabled":true,"_links":{"self":[{"href":"https:\/\/www.tribunanf.com.br\/blogdoralfereis\/wp-json\/wp\/v2\/posts\/11031","targetHints":{"allow":["GET"]}}],"collection":[{"href":"https:\/\/www.tribunanf.com.br\/blogdoralfereis\/wp-json\/wp\/v2\/posts"}],"about":[{"href":"https:\/\/www.tribunanf.com.br\/blogdoralfereis\/wp-json\/wp\/v2\/types\/post"}],"author":[{"embeddable":true,"href":"https:\/\/www.tribunanf.com.br\/blogdoralfereis\/wp-json\/wp\/v2\/users\/2"}],"replies":[{"embeddable":true,"href":"https:\/\/www.tribunanf.com.br\/blogdoralfereis\/wp-json\/wp\/v2\/comments?post=11031"}],"version-history":[{"count":0,"href":"https:\/\/www.tribunanf.com.br\/blogdoralfereis\/wp-json\/wp\/v2\/posts\/11031\/revisions"}],"wp:featuredmedia":[{"embeddable":true,"href":"https:\/\/www.tribunanf.com.br\/blogdoralfereis\/wp-json\/wp\/v2\/media\/11037"}],"wp:attachment":[{"href":"https:\/\/www.tribunanf.com.br\/blogdoralfereis\/wp-json\/wp\/v2\/media?parent=11031"}],"wp:term":[{"taxonomy":"category","embeddable":true,"href":"https:\/\/www.tribunanf.com.br\/blogdoralfereis\/wp-json\/wp\/v2\/categories?post=11031"},{"taxonomy":"post_tag","embeddable":true,"href":"https:\/\/www.tribunanf.com.br\/blogdoralfereis\/wp-json\/wp\/v2\/tags?post=11031"}],"curies":[{"name":"wp","href":"https:\/\/api.w.org\/{rel}","templated":true}]}}