{"id":11023,"date":"2023-03-23T08:17:37","date_gmt":"2023-03-23T11:17:37","guid":{"rendered":"https:\/\/www.tribunanf.com.br\/blogdoralfereis\/?p=11023"},"modified":"2023-03-23T08:17:37","modified_gmt":"2023-03-23T11:17:37","slug":"cofre-cheio-campos-recebe-r-482-milhoes-em-royalties-nesta-quinta-23","status":"publish","type":"post","link":"https:\/\/www.tribunanf.com.br\/blogdoralfereis\/2023\/03\/23\/cofre-cheio-campos-recebe-r-482-milhoes-em-royalties-nesta-quinta-23\/","title":{"rendered":"Cofre cheio: Campos recebe R$ 48,2 milh\u00f5es em royalties nesta quinta (23)"},"content":{"rendered":"<p><img loading=\"lazy\" decoding=\"async\" class=\"aligncenter size-large wp-image-7542\" src=\"https:\/\/www.tribunanf.com.br\/blogdoralfereis\/wp-content\/uploads\/sites\/11\/2021\/09\/prefeitura-campos_Easy-Resize.com-2-1024x682.jpg\" alt=\"\" width=\"800\" height=\"533\" \/><\/p>\n<p style=\"text-align: justify;\">Munic\u00edpios produtores de petr\u00f3leo e g\u00e1s recebem nesta quinta-feira (23) os royalties de mar\u00e7o, referentes \u00e0 produ\u00e7\u00e3o de janeiro. Nos cofres de Campos entram neste m\u00eas R$ 48.194.199,52, valor 8,3% maior que o repassado em fevereiro. Em rela\u00e7\u00e3o ao dep\u00f3sito de mar\u00e7o de 2022 (R$ 52.631.657), entretanto, h\u00e1 uma queda de 8,4%.<\/p>\n<p style=\"text-align: justify;\">Folha1*<\/p>\n","protected":false},"excerpt":{"rendered":"<p>Munic\u00edpios produtores de petr\u00f3leo e g\u00e1s recebem nesta quinta-feira (23) os royalties de mar\u00e7o, referentes \u00e0 produ\u00e7\u00e3o de janeiro. Nos&#8230;<\/p>\n","protected":false},"author":2,"featured_media":7542,"comment_status":"open","ping_status":"open","sticky":false,"template":"","format":"standard","meta":{"colormag_page_container_layout":"default_layout","colormag_page_sidebar_layout":"default_layout","jetpack_post_was_ever_published":false,"_jetpack_newsletter_access":"","_jetpack_dont_email_post_to_subs":false,"_jetpack_newsletter_tier_id":0,"_jetpack_memberships_contains_paywalled_content":false,"_jetpack_memberships_contains_paid_content":false,"footnotes":""},"categories":[2],"tags":[],"class_list":["post-11023","post","type-post","status-publish","format-standard","has-post-thumbnail","hentry","category-politica"],"jetpack_featured_media_url":"https:\/\/www.tribunanf.com.br\/blogdoralfereis\/wp-content\/uploads\/sites\/11\/2021\/09\/prefeitura-campos_Easy-Resize.com-2-e1631100523786.jpg","jetpack_sharing_enabled":true,"_links":{"self":[{"href":"https:\/\/www.tribunanf.com.br\/blogdoralfereis\/wp-json\/wp\/v2\/posts\/11023","targetHints":{"allow":["GET"]}}],"collection":[{"href":"https:\/\/www.tribunanf.com.br\/blogdoralfereis\/wp-json\/wp\/v2\/posts"}],"about":[{"href":"https:\/\/www.tribunanf.com.br\/blogdoralfereis\/wp-json\/wp\/v2\/types\/post"}],"author":[{"embeddable":true,"href":"https:\/\/www.tribunanf.com.br\/blogdoralfereis\/wp-json\/wp\/v2\/users\/2"}],"replies":[{"embeddable":true,"href":"https:\/\/www.tribunanf.com.br\/blogdoralfereis\/wp-json\/wp\/v2\/comments?post=11023"}],"version-history":[{"count":0,"href":"https:\/\/www.tribunanf.com.br\/blogdoralfereis\/wp-json\/wp\/v2\/posts\/11023\/revisions"}],"wp:featuredmedia":[{"embeddable":true,"href":"https:\/\/www.tribunanf.com.br\/blogdoralfereis\/wp-json\/wp\/v2\/media\/7542"}],"wp:attachment":[{"href":"https:\/\/www.tribunanf.com.br\/blogdoralfereis\/wp-json\/wp\/v2\/media?parent=11023"}],"wp:term":[{"taxonomy":"category","embeddable":true,"href":"https:\/\/www.tribunanf.com.br\/blogdoralfereis\/wp-json\/wp\/v2\/categories?post=11023"},{"taxonomy":"post_tag","embeddable":true,"href":"https:\/\/www.tribunanf.com.br\/blogdoralfereis\/wp-json\/wp\/v2\/tags?post=11023"}],"curies":[{"name":"wp","href":"https:\/\/api.w.org\/{rel}","templated":true}]}}