{"id":11021,"date":"2023-03-22T19:02:21","date_gmt":"2023-03-22T22:02:21","guid":{"rendered":"https:\/\/www.tribunanf.com.br\/blogdoralfereis\/?p=11021"},"modified":"2023-03-22T19:02:21","modified_gmt":"2023-03-22T22:02:21","slug":"apos-juiza-de-campos-negar-liminar-aguas-do-paraiba-recorre-ao-tj-rj-para-tentar-aumentar-as-contas-de-agua-e-esgoto","status":"publish","type":"post","link":"https:\/\/www.tribunanf.com.br\/blogdoralfereis\/2023\/03\/22\/apos-juiza-de-campos-negar-liminar-aguas-do-paraiba-recorre-ao-tj-rj-para-tentar-aumentar-as-contas-de-agua-e-esgoto\/","title":{"rendered":"Ap\u00f3s ju\u00edza de Campos negar liminar, \u00c1guas do Para\u00edba recorre ao TJ-RJ para tentar aumentar as contas de \u00e1gua e esgoto"},"content":{"rendered":"<p><img loading=\"lazy\" decoding=\"async\" class=\"aligncenter size-large wp-image-9564\" src=\"https:\/\/www.tribunanf.com.br\/blogdoralfereis\/wp-content\/uploads\/sites\/11\/2022\/06\/aguas-do-paraiba_Easy-Resize.com_-1024x441.jpg\" alt=\"\" width=\"800\" height=\"345\" srcset=\"https:\/\/www.tribunanf.com.br\/blogdoralfereis\/wp-content\/uploads\/sites\/11\/2022\/06\/aguas-do-paraiba_Easy-Resize.com_-1024x441.jpg 1024w, https:\/\/www.tribunanf.com.br\/blogdoralfereis\/wp-content\/uploads\/sites\/11\/2022\/06\/aguas-do-paraiba_Easy-Resize.com_-300x129.jpg 300w, https:\/\/www.tribunanf.com.br\/blogdoralfereis\/wp-content\/uploads\/sites\/11\/2022\/06\/aguas-do-paraiba_Easy-Resize.com_-768x331.jpg 768w, https:\/\/www.tribunanf.com.br\/blogdoralfereis\/wp-content\/uploads\/sites\/11\/2022\/06\/aguas-do-paraiba_Easy-Resize.com_.jpg 1280w\" sizes=\"auto, (max-width: 800px) 100vw, 800px\" \/><\/p>\n<p style=\"text-align: justify;\">A concession\u00e1ria de \u00e1gua e esgoto de Campos dos Goytacazes, \u00c1guas do Para\u00edba S\/A, impetrou recurso no Tribunal de Justi\u00e7a do Rio de Janeiro para tentar reajustar as tarifas de 2023. O caso deve ser analisado esta semana.<\/p>\n<p style=\"text-align: justify;\">Conforme o blog publicou no in\u00edcio do m\u00eas (<strong><a href=\"https:\/\/www.tribunanf.com.br\/blogdoralfereis\/2023\/03\/02\/juiza-de-campos-nega-pedido-de-aguas-do-paraiba-e-mantem-decisao-de-wladimir-que-negou-reajuste-da-tarifa-de-agua-e-esgoto\/\">aqui<\/a><\/strong>), a ju\u00edza Helenice Rangel Gonzaga Martins, da 3\u00aa Vara C\u00edvel de Campos, indeferiu o pedido de \u00c1guas do Para\u00edba.<\/p>\n<p style=\"text-align: justify;\">A concession\u00e1ria ingressou na justi\u00e7a para tentar derrubar a decis\u00e3o do prefeito Wladimir Garotinho que, pelo segundo ano seguido, negou o reajuste das tarifas de \u00e1gua e esgoto (<strong><a href=\"https:\/\/www.tribunanf.com.br\/pelo-segundo-ano-seguido-prefeito-wladimir-nega-reajuste-da-aguas-do-paraiba\/\">aqui<\/a><\/strong>). \u00c1guas do Para\u00edba queria um aumento de 11,98%.<\/p>\n<p style=\"text-align: justify;\">Na decis\u00e3o, a magistrada reconhece que o reajuste \u00e9 instituto que se presta a resgatar o equil\u00edbrio econ\u00f4mico-financeiro de um contrato administrativo. Entretanto, entende que \u201cn\u00e3o \u00e9 poss\u00edvel avaliar se os valores apresentados s\u00e3o custos efetivos da empresa referente ao per\u00edodo, n\u00e3o sendo poss\u00edvel, neste \u00e1timo, interferir no m\u00e9rito administrativo para anular o despacho proferido pelo prefeito e determinar o reajuste pleiteado pela parte autora.\u201c <a href=\"https:\/\/www.tribunanf.com.br\/blogdoralfereis\/2023\/03\/02\/juiza-de-campos-nega-pedido-de-aguas-do-paraiba-e-mantem-decisao-de-wladimir-que-negou-reajuste-da-tarifa-de-agua-e-esgoto\/\">Confira \u00e0 \u00edntegra aqui.<\/a><\/p>\n<p style=\"text-align: justify;\">No recurso ao Tribunal, a concession\u00e1ria aponta preven\u00e7\u00e3o para que o recurso seja distribu\u00eddo ao mesmo desembargador que concedeu uma liminar precar\u00edssima (e ainda precar\u00edssima) no ano passado, que levou \u00e0 popula\u00e7\u00e3o campista a pagar o reajuste retroativo (sim, aquela continha separada).<\/p>\n","protected":false},"excerpt":{"rendered":"<p>A concession\u00e1ria de \u00e1gua e esgoto de Campos dos Goytacazes, \u00c1guas do Para\u00edba S\/A, impetrou recurso no Tribunal de Justi\u00e7a&#8230;<\/p>\n","protected":false},"author":2,"featured_media":9564,"comment_status":"open","ping_status":"open","sticky":false,"template":"","format":"standard","meta":{"colormag_page_container_layout":"default_layout","colormag_page_sidebar_layout":"default_layout","jetpack_post_was_ever_published":false,"_jetpack_newsletter_access":"","_jetpack_dont_email_post_to_subs":false,"_jetpack_newsletter_tier_id":0,"_jetpack_memberships_contains_paywalled_content":false,"_jetpack_memberships_contains_paid_content":false,"footnotes":""},"categories":[2],"tags":[],"class_list":["post-11021","post","type-post","status-publish","format-standard","has-post-thumbnail","hentry","category-politica"],"jetpack_featured_media_url":"https:\/\/www.tribunanf.com.br\/blogdoralfereis\/wp-content\/uploads\/sites\/11\/2022\/06\/aguas-do-paraiba_Easy-Resize.com_.jpg","jetpack_sharing_enabled":true,"_links":{"self":[{"href":"https:\/\/www.tribunanf.com.br\/blogdoralfereis\/wp-json\/wp\/v2\/posts\/11021","targetHints":{"allow":["GET"]}}],"collection":[{"href":"https:\/\/www.tribunanf.com.br\/blogdoralfereis\/wp-json\/wp\/v2\/posts"}],"about":[{"href":"https:\/\/www.tribunanf.com.br\/blogdoralfereis\/wp-json\/wp\/v2\/types\/post"}],"author":[{"embeddable":true,"href":"https:\/\/www.tribunanf.com.br\/blogdoralfereis\/wp-json\/wp\/v2\/users\/2"}],"replies":[{"embeddable":true,"href":"https:\/\/www.tribunanf.com.br\/blogdoralfereis\/wp-json\/wp\/v2\/comments?post=11021"}],"version-history":[{"count":0,"href":"https:\/\/www.tribunanf.com.br\/blogdoralfereis\/wp-json\/wp\/v2\/posts\/11021\/revisions"}],"wp:featuredmedia":[{"embeddable":true,"href":"https:\/\/www.tribunanf.com.br\/blogdoralfereis\/wp-json\/wp\/v2\/media\/9564"}],"wp:attachment":[{"href":"https:\/\/www.tribunanf.com.br\/blogdoralfereis\/wp-json\/wp\/v2\/media?parent=11021"}],"wp:term":[{"taxonomy":"category","embeddable":true,"href":"https:\/\/www.tribunanf.com.br\/blogdoralfereis\/wp-json\/wp\/v2\/categories?post=11021"},{"taxonomy":"post_tag","embeddable":true,"href":"https:\/\/www.tribunanf.com.br\/blogdoralfereis\/wp-json\/wp\/v2\/tags?post=11021"}],"curies":[{"name":"wp","href":"https:\/\/api.w.org\/{rel}","templated":true}]}}