{"id":10999,"date":"2023-03-15T08:29:01","date_gmt":"2023-03-15T11:29:01","guid":{"rendered":"https:\/\/www.tribunanf.com.br\/blogdoralfereis\/?p=10999"},"modified":"2023-03-15T08:29:01","modified_gmt":"2023-03-15T11:29:01","slug":"professor-frederico-rangel-e-nomeado-diretor-regional-da-seeduc-no-norte-fluminense","status":"publish","type":"post","link":"https:\/\/www.tribunanf.com.br\/blogdoralfereis\/2023\/03\/15\/professor-frederico-rangel-e-nomeado-diretor-regional-da-seeduc-no-norte-fluminense\/","title":{"rendered":"Professor Frederico Rangel \u00e9 nomeado Diretor Regional da Seeduc no Norte Fluminense"},"content":{"rendered":"<p><img loading=\"lazy\" decoding=\"async\" class=\"aligncenter size-large wp-image-11000\" src=\"https:\/\/www.tribunanf.com.br\/blogdoralfereis\/wp-content\/uploads\/sites\/11\/2023\/03\/WhatsApp-Image-2023-03-14-at-10.35.22_Easy-Resize.com_-842x1024.jpg\" alt=\"\" width=\"800\" height=\"973\" srcset=\"https:\/\/www.tribunanf.com.br\/blogdoralfereis\/wp-content\/uploads\/sites\/11\/2023\/03\/WhatsApp-Image-2023-03-14-at-10.35.22_Easy-Resize.com_-842x1024.jpg 842w, https:\/\/www.tribunanf.com.br\/blogdoralfereis\/wp-content\/uploads\/sites\/11\/2023\/03\/WhatsApp-Image-2023-03-14-at-10.35.22_Easy-Resize.com_-247x300.jpg 247w, https:\/\/www.tribunanf.com.br\/blogdoralfereis\/wp-content\/uploads\/sites\/11\/2023\/03\/WhatsApp-Image-2023-03-14-at-10.35.22_Easy-Resize.com_-768x934.jpg 768w, https:\/\/www.tribunanf.com.br\/blogdoralfereis\/wp-content\/uploads\/sites\/11\/2023\/03\/WhatsApp-Image-2023-03-14-at-10.35.22_Easy-Resize.com_.jpg 1052w\" sizes=\"auto, (max-width: 800px) 100vw, 800px\" \/><\/p>\n<p style=\"text-align: justify;\">O governador do Rio Cl\u00e1udio Castro nomeou nesta quarta-feira (15) os novos gestores da Secretaria de Estado de Educa\u00e7\u00e3o.<\/p>\n<p style=\"text-align: justify;\">O ex-secret\u00e1rio de Educa\u00e7\u00e3o de Campos, Frederico Rangel, foi nomeado pelo governador como Diretor Regional Administrativo no Norte Fluminense.<\/p>\n<p style=\"text-align: justify;\">Frederico \u00e9 professor concursado do munic\u00edpio e do estado, j\u00e1 foi secret\u00e1rio de Educa\u00e7\u00e3o de Campos e coordenador de ensino da Seeduc\/RJ na regional 1.<\/p>\n<p><img loading=\"lazy\" decoding=\"async\" class=\"aligncenter  wp-image-11001\" src=\"https:\/\/www.tribunanf.com.br\/blogdoralfereis\/wp-content\/uploads\/sites\/11\/2023\/03\/Sem-titulo.png\" alt=\"\" width=\"621\" height=\"188\" srcset=\"https:\/\/www.tribunanf.com.br\/blogdoralfereis\/wp-content\/uploads\/sites\/11\/2023\/03\/Sem-titulo.png 403w, https:\/\/www.tribunanf.com.br\/blogdoralfereis\/wp-content\/uploads\/sites\/11\/2023\/03\/Sem-titulo-300x91.png 300w\" sizes=\"auto, (max-width: 621px) 100vw, 621px\" \/><\/p>\n","protected":false},"excerpt":{"rendered":"<p>O governador do Rio Cl\u00e1udio Castro nomeou nesta quarta-feira (15) os novos gestores da Secretaria de Estado de Educa\u00e7\u00e3o. O&#8230;<\/p>\n","protected":false},"author":2,"featured_media":11000,"comment_status":"open","ping_status":"open","sticky":false,"template":"","format":"standard","meta":{"colormag_page_container_layout":"default_layout","colormag_page_sidebar_layout":"default_layout","jetpack_post_was_ever_published":false,"_jetpack_newsletter_access":"","_jetpack_dont_email_post_to_subs":false,"_jetpack_newsletter_tier_id":0,"_jetpack_memberships_contains_paywalled_content":false,"_jetpack_memberships_contains_paid_content":false,"footnotes":""},"categories":[2],"tags":[],"class_list":["post-10999","post","type-post","status-publish","format-standard","has-post-thumbnail","hentry","category-politica"],"jetpack_featured_media_url":"https:\/\/www.tribunanf.com.br\/blogdoralfereis\/wp-content\/uploads\/sites\/11\/2023\/03\/WhatsApp-Image-2023-03-14-at-10.35.22_Easy-Resize.com_.jpg","jetpack_sharing_enabled":true,"_links":{"self":[{"href":"https:\/\/www.tribunanf.com.br\/blogdoralfereis\/wp-json\/wp\/v2\/posts\/10999","targetHints":{"allow":["GET"]}}],"collection":[{"href":"https:\/\/www.tribunanf.com.br\/blogdoralfereis\/wp-json\/wp\/v2\/posts"}],"about":[{"href":"https:\/\/www.tribunanf.com.br\/blogdoralfereis\/wp-json\/wp\/v2\/types\/post"}],"author":[{"embeddable":true,"href":"https:\/\/www.tribunanf.com.br\/blogdoralfereis\/wp-json\/wp\/v2\/users\/2"}],"replies":[{"embeddable":true,"href":"https:\/\/www.tribunanf.com.br\/blogdoralfereis\/wp-json\/wp\/v2\/comments?post=10999"}],"version-history":[{"count":0,"href":"https:\/\/www.tribunanf.com.br\/blogdoralfereis\/wp-json\/wp\/v2\/posts\/10999\/revisions"}],"wp:featuredmedia":[{"embeddable":true,"href":"https:\/\/www.tribunanf.com.br\/blogdoralfereis\/wp-json\/wp\/v2\/media\/11000"}],"wp:attachment":[{"href":"https:\/\/www.tribunanf.com.br\/blogdoralfereis\/wp-json\/wp\/v2\/media?parent=10999"}],"wp:term":[{"taxonomy":"category","embeddable":true,"href":"https:\/\/www.tribunanf.com.br\/blogdoralfereis\/wp-json\/wp\/v2\/categories?post=10999"},{"taxonomy":"post_tag","embeddable":true,"href":"https:\/\/www.tribunanf.com.br\/blogdoralfereis\/wp-json\/wp\/v2\/tags?post=10999"}],"curies":[{"name":"wp","href":"https:\/\/api.w.org\/{rel}","templated":true}]}}