{"id":1092,"date":"2018-10-30T19:45:00","date_gmt":"2018-10-30T22:45:00","guid":{"rendered":"http:\/\/www.tribunanf.com.br\/blogdoralfereis\/?p=1092"},"modified":"2018-10-30T19:45:00","modified_gmt":"2018-10-30T22:45:00","slug":"processo-que-pede-a-cassacao-de-marcao-gomes-vai-a-julgamento-na-proxima-segunda-5","status":"publish","type":"post","link":"https:\/\/www.tribunanf.com.br\/blogdoralfereis\/2018\/10\/30\/processo-que-pede-a-cassacao-de-marcao-gomes-vai-a-julgamento-na-proxima-segunda-5\/","title":{"rendered":"Processo que pede a cassa\u00e7\u00e3o de Marc\u00e3o Gomes vai a julgamento na pr\u00f3xima segunda (5)"},"content":{"rendered":"<p><img loading=\"lazy\" decoding=\"async\" class=\"aligncenter size-full wp-image-165\" src=\"http:\/\/www.tribunanf.com.br\/blogdoralfereis\/wp-content\/uploads\/sites\/11\/2018\/06\/MARCAO.jpg\" alt=\"\" width=\"2048\" height=\"1132\" srcset=\"https:\/\/www.tribunanf.com.br\/blogdoralfereis\/wp-content\/uploads\/sites\/11\/2018\/06\/MARCAO.jpg 2048w, https:\/\/www.tribunanf.com.br\/blogdoralfereis\/wp-content\/uploads\/sites\/11\/2018\/06\/MARCAO-300x166.jpg 300w, https:\/\/www.tribunanf.com.br\/blogdoralfereis\/wp-content\/uploads\/sites\/11\/2018\/06\/MARCAO-768x425.jpg 768w, https:\/\/www.tribunanf.com.br\/blogdoralfereis\/wp-content\/uploads\/sites\/11\/2018\/06\/MARCAO-1024x566.jpg 1024w\" sizes=\"auto, (max-width: 2048px) 100vw, 2048px\" \/><\/p>\n<p style=\"text-align: justify;\">O processo que pede a cassa\u00e7\u00e3o do presidente da C\u00e2mara Municipal de Campos, Marc\u00e3o Gomes, ser\u00e1 levado ao plen\u00e1rio do Tribunal Regional Eleitoral na pr\u00f3xima segunda-feira (5\/11).<\/p>\n<p style=\"text-align: justify;\">Marc\u00e3o responde a um processo de perda de mandato por infidelidade partid\u00e1ria proposto pelo seu antigo partido Rede Sustentabilidade e pelo suplente Thiago Miquilito.<\/p>\n<p style=\"text-align: justify;\">O presidente da C\u00e2mara saiu da Rede e se filiou ao PR fora do prazo permitido por lei, onde concorreu a uma vaga para C\u00e2mara dos Deputados, mas n\u00e3o se elegeu.<\/p>\n<p><img loading=\"lazy\" decoding=\"async\" class=\"aligncenter size-full wp-image-1093\" src=\"http:\/\/www.tribunanf.com.br\/blogdoralfereis\/wp-content\/uploads\/sites\/11\/2018\/10\/Sem-t\u00edtulo-1.png\" alt=\"\" width=\"1347\" height=\"673\" srcset=\"https:\/\/www.tribunanf.com.br\/blogdoralfereis\/wp-content\/uploads\/sites\/11\/2018\/10\/Sem-t\u00edtulo-1.png 1347w, https:\/\/www.tribunanf.com.br\/blogdoralfereis\/wp-content\/uploads\/sites\/11\/2018\/10\/Sem-t\u00edtulo-1-300x150.png 300w, https:\/\/www.tribunanf.com.br\/blogdoralfereis\/wp-content\/uploads\/sites\/11\/2018\/10\/Sem-t\u00edtulo-1-768x384.png 768w, https:\/\/www.tribunanf.com.br\/blogdoralfereis\/wp-content\/uploads\/sites\/11\/2018\/10\/Sem-t\u00edtulo-1-1024x512.png 1024w\" sizes=\"auto, (max-width: 1347px) 100vw, 1347px\" \/><\/p>\n","protected":false},"excerpt":{"rendered":"<p>O processo que pede a cassa\u00e7\u00e3o do presidente da C\u00e2mara Municipal de Campos, Marc\u00e3o Gomes, ser\u00e1 levado ao plen\u00e1rio do&#8230;<\/p>\n","protected":false},"author":2,"featured_media":165,"comment_status":"open","ping_status":"open","sticky":false,"template":"","format":"standard","meta":{"colormag_page_container_layout":"default_layout","colormag_page_sidebar_layout":"default_layout","jetpack_post_was_ever_published":false,"_jetpack_newsletter_access":"","_jetpack_dont_email_post_to_subs":false,"_jetpack_newsletter_tier_id":0,"_jetpack_memberships_contains_paywalled_content":false,"_jetpack_memberships_contains_paid_content":false,"footnotes":""},"categories":[2],"tags":[],"class_list":["post-1092","post","type-post","status-publish","format-standard","has-post-thumbnail","hentry","category-politica"],"jetpack_featured_media_url":"https:\/\/www.tribunanf.com.br\/blogdoralfereis\/wp-content\/uploads\/sites\/11\/2018\/06\/MARCAO.jpg","jetpack_sharing_enabled":true,"_links":{"self":[{"href":"https:\/\/www.tribunanf.com.br\/blogdoralfereis\/wp-json\/wp\/v2\/posts\/1092","targetHints":{"allow":["GET"]}}],"collection":[{"href":"https:\/\/www.tribunanf.com.br\/blogdoralfereis\/wp-json\/wp\/v2\/posts"}],"about":[{"href":"https:\/\/www.tribunanf.com.br\/blogdoralfereis\/wp-json\/wp\/v2\/types\/post"}],"author":[{"embeddable":true,"href":"https:\/\/www.tribunanf.com.br\/blogdoralfereis\/wp-json\/wp\/v2\/users\/2"}],"replies":[{"embeddable":true,"href":"https:\/\/www.tribunanf.com.br\/blogdoralfereis\/wp-json\/wp\/v2\/comments?post=1092"}],"version-history":[{"count":0,"href":"https:\/\/www.tribunanf.com.br\/blogdoralfereis\/wp-json\/wp\/v2\/posts\/1092\/revisions"}],"wp:featuredmedia":[{"embeddable":true,"href":"https:\/\/www.tribunanf.com.br\/blogdoralfereis\/wp-json\/wp\/v2\/media\/165"}],"wp:attachment":[{"href":"https:\/\/www.tribunanf.com.br\/blogdoralfereis\/wp-json\/wp\/v2\/media?parent=1092"}],"wp:term":[{"taxonomy":"category","embeddable":true,"href":"https:\/\/www.tribunanf.com.br\/blogdoralfereis\/wp-json\/wp\/v2\/categories?post=1092"},{"taxonomy":"post_tag","embeddable":true,"href":"https:\/\/www.tribunanf.com.br\/blogdoralfereis\/wp-json\/wp\/v2\/tags?post=1092"}],"curies":[{"name":"wp","href":"https:\/\/api.w.org\/{rel}","templated":true}]}}