{"id":10904,"date":"2023-02-10T09:09:57","date_gmt":"2023-02-10T12:09:57","guid":{"rendered":"https:\/\/www.tribunanf.com.br\/blogdoralfereis\/?p=10904"},"modified":"2023-02-10T09:09:22","modified_gmt":"2023-02-10T12:09:22","slug":"prefeito-wladimir-garotinho-anuncia-licitacao-para-transporte-universitario-no-interior-de-campos","status":"publish","type":"post","link":"https:\/\/www.tribunanf.com.br\/blogdoralfereis\/2023\/02\/10\/prefeito-wladimir-garotinho-anuncia-licitacao-para-transporte-universitario-no-interior-de-campos\/","title":{"rendered":"Prefeito Wladimir Garotinho anuncia licita\u00e7\u00e3o para transporte universit\u00e1rio no interior de Campos"},"content":{"rendered":"<p><img loading=\"lazy\" decoding=\"async\" class=\"aligncenter size-large wp-image-10679\" src=\"https:\/\/www.tribunanf.com.br\/blogdoralfereis\/wp-content\/uploads\/sites\/11\/2022\/12\/wlad_Easy-Resize.com-8-1024x682.jpg\" alt=\"\" width=\"800\" height=\"533\" srcset=\"https:\/\/www.tribunanf.com.br\/blogdoralfereis\/wp-content\/uploads\/sites\/11\/2022\/12\/wlad_Easy-Resize.com-8-1024x682.jpg 1024w, https:\/\/www.tribunanf.com.br\/blogdoralfereis\/wp-content\/uploads\/sites\/11\/2022\/12\/wlad_Easy-Resize.com-8-300x200.jpg 300w, https:\/\/www.tribunanf.com.br\/blogdoralfereis\/wp-content\/uploads\/sites\/11\/2022\/12\/wlad_Easy-Resize.com-8-768x512.jpg 768w, https:\/\/www.tribunanf.com.br\/blogdoralfereis\/wp-content\/uploads\/sites\/11\/2022\/12\/wlad_Easy-Resize.com-8.jpg 1280w\" sizes=\"auto, (max-width: 800px) 100vw, 800px\" \/><\/p>\n<p style=\"text-align: justify;\">O prefeito de Campos Wladimir Garotinho anunciou na noite dessa quinta-feira (9) a licita\u00e7\u00e3o para o retorno do transporte universit\u00e1rio no interior do munic\u00edpio.<\/p>\n<p style=\"text-align: justify;\">Nos \u00faltimos meses, os universit\u00e1rios enfrentaram problemas ap\u00f3s o n\u00e3o cumprimento do contrato por parte das empresas respons\u00e1veis pelo transporte.<\/p>\n<p style=\"text-align: justify;\"><span class=\"css-901oao css-16my406 r-poiln3 r-bcqeeo r-qvutc0\">&#8220;Boa not\u00edcia para os universit\u00e1rios que moram no interior! Conseguimos superar a burocracia e vamos colocar em licita\u00e7\u00e3o o retorno do bus\u00e3o pra galera! Muitos jovens que moram longe se esfor\u00e7am pra passar no vestibular, mas deixam de estudar por falta de condu\u00e7\u00e3o <\/span><span class=\"r-18u37iz\">#BoraEstudar&#8221;, disse Wladimir nas redes sociais.<\/span><\/p>\n<blockquote class=\"twitter-tweet\" data-width=\"550\" data-dnt=\"true\">\n<p lang=\"pt\" dir=\"ltr\">Boa not\u00edcia para os universit\u00e1rios que moram no interior! Conseguimos superar a burocracia e vamos colocar em licita\u00e7\u00e3o o retorno do bus\u00e3o pra galera! Muitos jovens que moram longe se esfor\u00e7am pra passar no vestibular, mas deixam de estudar por falta de condu\u00e7\u00e3o <a href=\"https:\/\/twitter.com\/hashtag\/BoraEstudar?src=hash&amp;ref_src=twsrc%5Etfw\" target=\"_blank\" rel=\"noopener\">#BoraEstudar<\/a> ?<\/p>\n<p>&mdash; Wladimir Garotinho (@WladGarotinho) <a href=\"https:\/\/twitter.com\/WladGarotinho\/status\/1623848439883628544?ref_src=twsrc%5Etfw\" target=\"_blank\" rel=\"noopener\">February 10, 2023<\/a><\/p><\/blockquote>\n<p><script async src=\"https:\/\/platform.twitter.com\/widgets.js\" charset=\"utf-8\"><\/script><\/p>\n","protected":false},"excerpt":{"rendered":"<p>O prefeito de Campos Wladimir Garotinho anunciou na noite dessa quinta-feira (9) a licita\u00e7\u00e3o para o retorno do transporte universit\u00e1rio&#8230;<\/p>\n","protected":false},"author":2,"featured_media":10679,"comment_status":"open","ping_status":"open","sticky":false,"template":"","format":"standard","meta":{"colormag_page_container_layout":"default_layout","colormag_page_sidebar_layout":"default_layout","jetpack_post_was_ever_published":false,"_jetpack_newsletter_access":"","_jetpack_dont_email_post_to_subs":false,"_jetpack_newsletter_tier_id":0,"_jetpack_memberships_contains_paywalled_content":false,"_jetpack_memberships_contains_paid_content":false,"footnotes":""},"categories":[2],"tags":[],"class_list":["post-10904","post","type-post","status-publish","format-standard","has-post-thumbnail","hentry","category-politica"],"jetpack_featured_media_url":"https:\/\/www.tribunanf.com.br\/blogdoralfereis\/wp-content\/uploads\/sites\/11\/2022\/12\/wlad_Easy-Resize.com-8.jpg","jetpack_sharing_enabled":true,"_links":{"self":[{"href":"https:\/\/www.tribunanf.com.br\/blogdoralfereis\/wp-json\/wp\/v2\/posts\/10904","targetHints":{"allow":["GET"]}}],"collection":[{"href":"https:\/\/www.tribunanf.com.br\/blogdoralfereis\/wp-json\/wp\/v2\/posts"}],"about":[{"href":"https:\/\/www.tribunanf.com.br\/blogdoralfereis\/wp-json\/wp\/v2\/types\/post"}],"author":[{"embeddable":true,"href":"https:\/\/www.tribunanf.com.br\/blogdoralfereis\/wp-json\/wp\/v2\/users\/2"}],"replies":[{"embeddable":true,"href":"https:\/\/www.tribunanf.com.br\/blogdoralfereis\/wp-json\/wp\/v2\/comments?post=10904"}],"version-history":[{"count":0,"href":"https:\/\/www.tribunanf.com.br\/blogdoralfereis\/wp-json\/wp\/v2\/posts\/10904\/revisions"}],"wp:featuredmedia":[{"embeddable":true,"href":"https:\/\/www.tribunanf.com.br\/blogdoralfereis\/wp-json\/wp\/v2\/media\/10679"}],"wp:attachment":[{"href":"https:\/\/www.tribunanf.com.br\/blogdoralfereis\/wp-json\/wp\/v2\/media?parent=10904"}],"wp:term":[{"taxonomy":"category","embeddable":true,"href":"https:\/\/www.tribunanf.com.br\/blogdoralfereis\/wp-json\/wp\/v2\/categories?post=10904"},{"taxonomy":"post_tag","embeddable":true,"href":"https:\/\/www.tribunanf.com.br\/blogdoralfereis\/wp-json\/wp\/v2\/tags?post=10904"}],"curies":[{"name":"wp","href":"https:\/\/api.w.org\/{rel}","templated":true}]}}