{"id":10793,"date":"2023-01-26T17:51:13","date_gmt":"2023-01-26T20:51:13","guid":{"rendered":"https:\/\/www.tribunanf.com.br\/blogdoralfereis\/?p=10793"},"modified":"2023-01-26T17:51:13","modified_gmt":"2023-01-26T20:51:13","slug":"bancada-do-rio-tera-coordenacao-dupla-dividida-entre-aureo-e-quaqua","status":"publish","type":"post","link":"https:\/\/www.tribunanf.com.br\/blogdoralfereis\/2023\/01\/26\/bancada-do-rio-tera-coordenacao-dupla-dividida-entre-aureo-e-quaqua\/","title":{"rendered":"Bancada do Rio ter\u00e1 coordena\u00e7\u00e3o dupla, dividida entre Aureo e Quaqu\u00e1"},"content":{"rendered":"<p><img loading=\"lazy\" decoding=\"async\" class=\"aligncenter size-full wp-image-10794\" src=\"https:\/\/www.tribunanf.com.br\/blogdoralfereis\/wp-content\/uploads\/sites\/11\/2023\/01\/whatsapp-image-2023-01-26-at-16.16.05.jpeg.jpg\" alt=\"\" width=\"640\" height=\"360\" srcset=\"https:\/\/www.tribunanf.com.br\/blogdoralfereis\/wp-content\/uploads\/sites\/11\/2023\/01\/whatsapp-image-2023-01-26-at-16.16.05.jpeg.jpg 640w, https:\/\/www.tribunanf.com.br\/blogdoralfereis\/wp-content\/uploads\/sites\/11\/2023\/01\/whatsapp-image-2023-01-26-at-16.16.05.jpeg-300x169.jpg 300w\" sizes=\"auto, (max-width: 640px) 100vw, 640px\" \/><\/p>\n<p style=\"text-align: justify;\">J\u00e1 \u00e9 poss\u00edvel dizer que o almo\u00e7o capitaneado pelo presidente da C\u00e2mara dos Deputados e candidato \u00e0 reelei\u00e7\u00e3o, Arthur Lira (PP), j\u00e1 rendeu frutos para a pol\u00edtica carioca.<\/p>\n<p style=\"text-align: justify;\">Em uma conversa paralela, Washington Quaqu\u00e1 (PT) e Aureo Ribeiro (Solidariedade) chegaram a um acordo para que a coordena\u00e7\u00e3o da bancada do Rio na C\u00e2mara dos Deputados seja dupla e compartilhada pelos dois.<\/p>\n<p style=\"text-align: justify;\">Pernambuco, Cear\u00e1 e Par\u00e1 s\u00e3o alguns dos exemplos de estados que j\u00e1 t\u00eam coordena\u00e7\u00e3o compartilhada.<\/p>\n<p style=\"text-align: justify;\">A resolu\u00e7\u00e3o sela a paz em uma briga que estava prestes a come\u00e7ar. Ao contr\u00e1rio do que imaginavam os petistas, o vento mudou e Quaqu\u00e1 n\u00e3o seria mais o \u00fanico candidato. Ele teria que disputar a vaga com Aureo, que se recusava a retirar sua candidatura e j\u00e1 tinha apoio do PL, do MDB e do Podemos.<\/p>\n<p style=\"text-align: justify;\">\u201cN\u00e3o estamos em um tempo de disputas e divis\u00f5es, mas sim de uni\u00e3o. Isso \u00e9 bom para o Rio\u201d, disse Aureo.<\/p>\n<p style=\"text-align: justify;\">O almo\u00e7o na resid\u00eancia oficial de Lira, que tamb\u00e9m contou com a presen\u00e7a do prefeito Eduardo Paes, do governador Cl\u00e1udio Castro e da bancada federal fluminense, precedeu a elei\u00e7\u00e3o para a mesa diretora da C\u00e2mara dos Deputados na pr\u00f3xima quarta-feira (1).<\/p>\n<p style=\"text-align: justify;\">Fonte: Coluna Extra, Extra, de Berenice Seara<\/p>\n","protected":false},"excerpt":{"rendered":"<p>J\u00e1 \u00e9 poss\u00edvel dizer que o almo\u00e7o capitaneado pelo presidente da C\u00e2mara dos Deputados e candidato \u00e0 reelei\u00e7\u00e3o, Arthur Lira&#8230;<\/p>\n","protected":false},"author":2,"featured_media":10794,"comment_status":"open","ping_status":"open","sticky":false,"template":"","format":"standard","meta":{"colormag_page_container_layout":"default_layout","colormag_page_sidebar_layout":"default_layout","jetpack_post_was_ever_published":false,"_jetpack_newsletter_access":"","_jetpack_dont_email_post_to_subs":false,"_jetpack_newsletter_tier_id":0,"_jetpack_memberships_contains_paywalled_content":false,"_jetpack_memberships_contains_paid_content":false,"footnotes":""},"categories":[2],"tags":[],"class_list":["post-10793","post","type-post","status-publish","format-standard","has-post-thumbnail","hentry","category-politica"],"jetpack_featured_media_url":"https:\/\/www.tribunanf.com.br\/blogdoralfereis\/wp-content\/uploads\/sites\/11\/2023\/01\/whatsapp-image-2023-01-26-at-16.16.05.jpeg.jpg","jetpack_sharing_enabled":true,"_links":{"self":[{"href":"https:\/\/www.tribunanf.com.br\/blogdoralfereis\/wp-json\/wp\/v2\/posts\/10793","targetHints":{"allow":["GET"]}}],"collection":[{"href":"https:\/\/www.tribunanf.com.br\/blogdoralfereis\/wp-json\/wp\/v2\/posts"}],"about":[{"href":"https:\/\/www.tribunanf.com.br\/blogdoralfereis\/wp-json\/wp\/v2\/types\/post"}],"author":[{"embeddable":true,"href":"https:\/\/www.tribunanf.com.br\/blogdoralfereis\/wp-json\/wp\/v2\/users\/2"}],"replies":[{"embeddable":true,"href":"https:\/\/www.tribunanf.com.br\/blogdoralfereis\/wp-json\/wp\/v2\/comments?post=10793"}],"version-history":[{"count":0,"href":"https:\/\/www.tribunanf.com.br\/blogdoralfereis\/wp-json\/wp\/v2\/posts\/10793\/revisions"}],"wp:featuredmedia":[{"embeddable":true,"href":"https:\/\/www.tribunanf.com.br\/blogdoralfereis\/wp-json\/wp\/v2\/media\/10794"}],"wp:attachment":[{"href":"https:\/\/www.tribunanf.com.br\/blogdoralfereis\/wp-json\/wp\/v2\/media?parent=10793"}],"wp:term":[{"taxonomy":"category","embeddable":true,"href":"https:\/\/www.tribunanf.com.br\/blogdoralfereis\/wp-json\/wp\/v2\/categories?post=10793"},{"taxonomy":"post_tag","embeddable":true,"href":"https:\/\/www.tribunanf.com.br\/blogdoralfereis\/wp-json\/wp\/v2\/tags?post=10793"}],"curies":[{"name":"wp","href":"https:\/\/api.w.org\/{rel}","templated":true}]}}