{"id":10688,"date":"2023-01-02T09:22:12","date_gmt":"2023-01-02T12:22:12","guid":{"rendered":"https:\/\/www.tribunanf.com.br\/blogdoralfereis\/?p=10688"},"modified":"2023-01-02T09:22:12","modified_gmt":"2023-01-02T12:22:12","slug":"marquinho-bacellar-toma-posse-nesta-segunda-feira-como-presidente-da-camara-de-campos","status":"publish","type":"post","link":"https:\/\/www.tribunanf.com.br\/blogdoralfereis\/2023\/01\/02\/marquinho-bacellar-toma-posse-nesta-segunda-feira-como-presidente-da-camara-de-campos\/","title":{"rendered":"Marquinho Bacellar toma posse nesta segunda-feira como presidente da C\u00e2mara de Campos"},"content":{"rendered":"<p><img loading=\"lazy\" decoding=\"async\" class=\"aligncenter size-full wp-image-10689\" src=\"https:\/\/www.tribunanf.com.br\/blogdoralfereis\/wp-content\/uploads\/sites\/11\/2023\/01\/WhatsApp-Image-2023-01-02-at-09.13.46.jpeg\" alt=\"\" width=\"1024\" height=\"683\" srcset=\"https:\/\/www.tribunanf.com.br\/blogdoralfereis\/wp-content\/uploads\/sites\/11\/2023\/01\/WhatsApp-Image-2023-01-02-at-09.13.46.jpeg 1024w, https:\/\/www.tribunanf.com.br\/blogdoralfereis\/wp-content\/uploads\/sites\/11\/2023\/01\/WhatsApp-Image-2023-01-02-at-09.13.46-300x200.jpeg 300w, https:\/\/www.tribunanf.com.br\/blogdoralfereis\/wp-content\/uploads\/sites\/11\/2023\/01\/WhatsApp-Image-2023-01-02-at-09.13.46-768x512.jpeg 768w\" sizes=\"auto, (max-width: 1024px) 100vw, 1024px\" \/><\/p>\n<p style=\"text-align: justify;\">A C\u00e2mara de Campos dos Goytacazes vai realizar sess\u00e3o solene nesta segunda-feira (02), \u00e0s 17h, no plen\u00e1rio, para posse da nova Mesa Diretora eleita para o bi\u00eanio 2023\/2024. Novo presidente da C\u00e2mara, Marquinho Bacellar destaca: \u201cVenceu a democracia. Ser\u00e1 um novo momento do Legislativo, vamos estar abertos ao povo, com liberdade e di\u00e1logo\u201d.<\/p>\n<p style=\"text-align: justify;\">A solenidade ser\u00e1 transmitida, ao vivo, pela TV C\u00e2mara atrav\u00e9s do canal aberto 19.3, no canal da C\u00e2mara no YouTube e redes sociais. A nova Mesa Diretora ter\u00e1 como presidente o vereador Marquinho Bacellar (Solidariedade), como 1\u00ba vice-presidente Marquinho do Transporte (PDT), como 2\u00ba vice-presidente Abdu Neme (Avante), como 1\u00ba secret\u00e1rio Maicon Cruz (PSC), como 2\u00ba secret\u00e1rio Fred Machado (Cidadania), como 1\u00ba suplente Bruno Vianna (PSD), e como 2\u00ba suplente Rog\u00e9rio Matoso (Uni\u00e3o).<\/p>\n<p style=\"text-align: justify;\">A elei\u00e7\u00e3o da nova Mesa Diretora da C\u00e2mara ocorreu em fevereiro, com vit\u00f3ria de Marquinho Bacellar. Por\u00e9m, foi anulada pela Mesa Diretora presidida por F\u00e1bio Ribeiro, com a alega\u00e7\u00e3o de que o vereador Nildo Cardoso n\u00e3o havia votado.<\/p>\n<p style=\"text-align: justify;\">Travou-se, ap\u00f3s este epis\u00f3dio, um embate ferrenho. Uma nova elei\u00e7\u00e3o ocorreu em novembro, novamente vencida por Marquinho Bacellar.<\/p>\n","protected":false},"excerpt":{"rendered":"<p>A C\u00e2mara de Campos dos Goytacazes vai realizar sess\u00e3o solene nesta segunda-feira (02), \u00e0s 17h, no plen\u00e1rio, para posse da&#8230;<\/p>\n","protected":false},"author":2,"featured_media":10689,"comment_status":"open","ping_status":"open","sticky":false,"template":"","format":"standard","meta":{"colormag_page_container_layout":"default_layout","colormag_page_sidebar_layout":"default_layout","jetpack_post_was_ever_published":false,"_jetpack_newsletter_access":"","_jetpack_dont_email_post_to_subs":false,"_jetpack_newsletter_tier_id":0,"_jetpack_memberships_contains_paywalled_content":false,"_jetpack_memberships_contains_paid_content":false,"footnotes":""},"categories":[2],"tags":[],"class_list":["post-10688","post","type-post","status-publish","format-standard","has-post-thumbnail","hentry","category-politica"],"jetpack_featured_media_url":"https:\/\/www.tribunanf.com.br\/blogdoralfereis\/wp-content\/uploads\/sites\/11\/2023\/01\/WhatsApp-Image-2023-01-02-at-09.13.46.jpeg","jetpack_sharing_enabled":true,"_links":{"self":[{"href":"https:\/\/www.tribunanf.com.br\/blogdoralfereis\/wp-json\/wp\/v2\/posts\/10688","targetHints":{"allow":["GET"]}}],"collection":[{"href":"https:\/\/www.tribunanf.com.br\/blogdoralfereis\/wp-json\/wp\/v2\/posts"}],"about":[{"href":"https:\/\/www.tribunanf.com.br\/blogdoralfereis\/wp-json\/wp\/v2\/types\/post"}],"author":[{"embeddable":true,"href":"https:\/\/www.tribunanf.com.br\/blogdoralfereis\/wp-json\/wp\/v2\/users\/2"}],"replies":[{"embeddable":true,"href":"https:\/\/www.tribunanf.com.br\/blogdoralfereis\/wp-json\/wp\/v2\/comments?post=10688"}],"version-history":[{"count":0,"href":"https:\/\/www.tribunanf.com.br\/blogdoralfereis\/wp-json\/wp\/v2\/posts\/10688\/revisions"}],"wp:featuredmedia":[{"embeddable":true,"href":"https:\/\/www.tribunanf.com.br\/blogdoralfereis\/wp-json\/wp\/v2\/media\/10689"}],"wp:attachment":[{"href":"https:\/\/www.tribunanf.com.br\/blogdoralfereis\/wp-json\/wp\/v2\/media?parent=10688"}],"wp:term":[{"taxonomy":"category","embeddable":true,"href":"https:\/\/www.tribunanf.com.br\/blogdoralfereis\/wp-json\/wp\/v2\/categories?post=10688"},{"taxonomy":"post_tag","embeddable":true,"href":"https:\/\/www.tribunanf.com.br\/blogdoralfereis\/wp-json\/wp\/v2\/tags?post=10688"}],"curies":[{"name":"wp","href":"https:\/\/api.w.org\/{rel}","templated":true}]}}