{"id":10626,"date":"2022-12-21T11:15:41","date_gmt":"2022-12-21T14:15:41","guid":{"rendered":"https:\/\/www.tribunanf.com.br\/blogdoralfereis\/?p=10626"},"modified":"2022-12-21T11:15:41","modified_gmt":"2022-12-21T14:15:41","slug":"alerj-deve-votar-nesta-quarta-feira-reajuste-salarial-dos-servidores-do-estado","status":"publish","type":"post","link":"https:\/\/www.tribunanf.com.br\/blogdoralfereis\/2022\/12\/21\/alerj-deve-votar-nesta-quarta-feira-reajuste-salarial-dos-servidores-do-estado\/","title":{"rendered":"Alerj deve votar nesta quarta-feira reajuste salarial dos servidores do estado"},"content":{"rendered":"<p><img loading=\"lazy\" decoding=\"async\" class=\"aligncenter size-large wp-image-10216\" src=\"https:\/\/www.tribunanf.com.br\/blogdoralfereis\/wp-content\/uploads\/sites\/11\/2022\/10\/alerj-1-1024x684.jpeg\" alt=\"\" width=\"800\" height=\"534\" \/><\/p>\n<p style=\"text-align: justify;\">Uma pol\u00eamica em rela\u00e7\u00e3o \u00e0 reda\u00e7\u00e3o do projeto do governo que estabelece recomposi\u00e7\u00e3o salarial de 5,9% para servidores ativos, inativos e pensionistas do estado acabou adiando de ontem para hoje a sua vota\u00e7\u00e3o na Alerj.<\/p>\n<p style=\"text-align: justify;\">Pelo texto, que recebeu parecer favor\u00e1vel da Comiss\u00e3o de Constitui\u00e7\u00e3o e Justi\u00e7a (CCJ), o reajuste, baseado no IPCA acumulado no \u00faltimo ano, incidiria somente sobre \u201cvencimentos b\u00e1sicos\u201d.<\/p>\n<p style=\"text-align: justify;\">Em voto divergente dentro da comiss\u00e3o, o deputado Luiz Paulo (PSD) defendeu mudan\u00e7a no texto, trocando \u201cvencimentos b\u00e1sicos\u201d para remunera\u00e7\u00e3o, que incluiu tamb\u00e9m gratifica\u00e7\u00f5es e outros benef\u00edcios. O pedido foi apoiado por deputados, incluindo o presidente da Casa, Andr\u00e9 Ceciliano (PT), e o projeto retornar\u00e1 hoje ao plen\u00e1rio.<\/p>\n","protected":false},"excerpt":{"rendered":"<p>Uma pol\u00eamica em rela\u00e7\u00e3o \u00e0 reda\u00e7\u00e3o do projeto do governo que estabelece recomposi\u00e7\u00e3o salarial de 5,9% para servidores ativos, inativos&#8230;<\/p>\n","protected":false},"author":2,"featured_media":10216,"comment_status":"open","ping_status":"open","sticky":false,"template":"","format":"standard","meta":{"colormag_page_container_layout":"default_layout","colormag_page_sidebar_layout":"default_layout","jetpack_post_was_ever_published":false,"_jetpack_newsletter_access":"","_jetpack_dont_email_post_to_subs":false,"_jetpack_newsletter_tier_id":0,"_jetpack_memberships_contains_paywalled_content":false,"_jetpack_memberships_contains_paid_content":false,"footnotes":""},"categories":[2],"tags":[],"class_list":["post-10626","post","type-post","status-publish","format-standard","has-post-thumbnail","hentry","category-politica"],"jetpack_featured_media_url":"https:\/\/www.tribunanf.com.br\/blogdoralfereis\/wp-content\/uploads\/sites\/11\/2022\/10\/alerj-1-e1664804056156.jpeg","jetpack_sharing_enabled":true,"_links":{"self":[{"href":"https:\/\/www.tribunanf.com.br\/blogdoralfereis\/wp-json\/wp\/v2\/posts\/10626","targetHints":{"allow":["GET"]}}],"collection":[{"href":"https:\/\/www.tribunanf.com.br\/blogdoralfereis\/wp-json\/wp\/v2\/posts"}],"about":[{"href":"https:\/\/www.tribunanf.com.br\/blogdoralfereis\/wp-json\/wp\/v2\/types\/post"}],"author":[{"embeddable":true,"href":"https:\/\/www.tribunanf.com.br\/blogdoralfereis\/wp-json\/wp\/v2\/users\/2"}],"replies":[{"embeddable":true,"href":"https:\/\/www.tribunanf.com.br\/blogdoralfereis\/wp-json\/wp\/v2\/comments?post=10626"}],"version-history":[{"count":0,"href":"https:\/\/www.tribunanf.com.br\/blogdoralfereis\/wp-json\/wp\/v2\/posts\/10626\/revisions"}],"wp:featuredmedia":[{"embeddable":true,"href":"https:\/\/www.tribunanf.com.br\/blogdoralfereis\/wp-json\/wp\/v2\/media\/10216"}],"wp:attachment":[{"href":"https:\/\/www.tribunanf.com.br\/blogdoralfereis\/wp-json\/wp\/v2\/media?parent=10626"}],"wp:term":[{"taxonomy":"category","embeddable":true,"href":"https:\/\/www.tribunanf.com.br\/blogdoralfereis\/wp-json\/wp\/v2\/categories?post=10626"},{"taxonomy":"post_tag","embeddable":true,"href":"https:\/\/www.tribunanf.com.br\/blogdoralfereis\/wp-json\/wp\/v2\/tags?post=10626"}],"curies":[{"name":"wp","href":"https:\/\/api.w.org\/{rel}","templated":true}]}}