{"id":10623,"date":"2022-12-20T13:03:24","date_gmt":"2022-12-20T16:03:24","guid":{"rendered":"https:\/\/www.tribunanf.com.br\/blogdoralfereis\/?p=10623"},"modified":"2022-12-20T13:03:24","modified_gmt":"2022-12-20T16:03:24","slug":"rodrigo-bacellar-em-sintonia-com-o-governador-claudio-castro-e-com-o-prefeito-wladimir-estamos-auxiliando-na-coordenacao-das-acoes","status":"publish","type":"post","link":"https:\/\/www.tribunanf.com.br\/blogdoralfereis\/2022\/12\/20\/rodrigo-bacellar-em-sintonia-com-o-governador-claudio-castro-e-com-o-prefeito-wladimir-estamos-auxiliando-na-coordenacao-das-acoes\/","title":{"rendered":"Rodrigo Bacellar: &#8216;Em sintonia com o governador Cl\u00e1udio Castro e com o prefeito Wladimir, estamos auxiliando na coordena\u00e7\u00e3o das a\u00e7\u00f5es&#8217;"},"content":{"rendered":"<p><img loading=\"lazy\" decoding=\"async\" class=\"aligncenter size-large wp-image-10230\" src=\"https:\/\/www.tribunanf.com.br\/blogdoralfereis\/wp-content\/uploads\/sites\/11\/2022\/10\/rodrigo-bacellar-1280x720-1-1024x576.jpg\" alt=\"\" width=\"800\" height=\"450\" srcset=\"https:\/\/www.tribunanf.com.br\/blogdoralfereis\/wp-content\/uploads\/sites\/11\/2022\/10\/rodrigo-bacellar-1280x720-1-1024x576.jpg 1024w, https:\/\/www.tribunanf.com.br\/blogdoralfereis\/wp-content\/uploads\/sites\/11\/2022\/10\/rodrigo-bacellar-1280x720-1-300x169.jpg 300w, https:\/\/www.tribunanf.com.br\/blogdoralfereis\/wp-content\/uploads\/sites\/11\/2022\/10\/rodrigo-bacellar-1280x720-1-768x432.jpg 768w, https:\/\/www.tribunanf.com.br\/blogdoralfereis\/wp-content\/uploads\/sites\/11\/2022\/10\/rodrigo-bacellar-1280x720-1.jpg 1280w\" sizes=\"auto, (max-width: 800px) 100vw, 800px\" \/><\/p>\n<p style=\"text-align: justify;\">O Governo do Estado enviou equipes para Campos nesta ter\u00e7a-feira (20), para avaliar os impactos das chuvas dos \u00faltimos dias no munic\u00edpio. A informa\u00e7\u00e3o foi passada pelo secret\u00e1rio estadual de Governo, Rodrigo Bacellar, que est\u00e1 mantendo contato direto com o prefeito Wladimir Garotinho.<\/p>\n<p style=\"text-align: justify;\"><strong><a href=\"https:\/\/www.tribunanf.com.br\/defesa-civil-de-campos-alerta-para-interdicao-de-ponte-e-trecho-da-xv-de-novembro\/\">O dique de conten\u00e7\u00e3o do rio Para\u00edba do Sul, na XV de Novembro, desabou na noite de ontem e a pista come\u00e7ou a ceder.<\/a><\/strong> O trecho est\u00e1 interditado.<\/p>\n<p style=\"text-align: justify;\"><em>&#8220;Minha cidade, Campos dos Goytacazes, est\u00e1 sofrendo os efeitos das fortes chuvas. Houve, inclusive, na noite de ontem, o desabamento de parte do dique de conten\u00e7\u00e3o em umas das principais avenidas na \u00e1rea central da cidade.\u00a0<\/em><em>Em sintonia com o governador Cl\u00e1udio Castro e com o prefeito Wladimir, estamos auxiliando na coordena\u00e7\u00e3o das a\u00e7\u00f5es, enviando equipes do DER, Inea, Meio Ambiente, al\u00e9m do todo suporte do Corpo de Bombeiros e Defesa Civil.<\/em>&#8220;, disse Bacellar nas redes sociais.<\/p>\n","protected":false},"excerpt":{"rendered":"<p>O Governo do Estado enviou equipes para Campos nesta ter\u00e7a-feira (20), para avaliar os impactos das chuvas dos \u00faltimos dias&#8230;<\/p>\n","protected":false},"author":2,"featured_media":10230,"comment_status":"open","ping_status":"open","sticky":false,"template":"","format":"standard","meta":{"colormag_page_container_layout":"default_layout","colormag_page_sidebar_layout":"default_layout","jetpack_post_was_ever_published":false,"_jetpack_newsletter_access":"","_jetpack_dont_email_post_to_subs":false,"_jetpack_newsletter_tier_id":0,"_jetpack_memberships_contains_paywalled_content":false,"_jetpack_memberships_contains_paid_content":false,"footnotes":""},"categories":[2],"tags":[],"class_list":["post-10623","post","type-post","status-publish","format-standard","has-post-thumbnail","hentry","category-politica"],"jetpack_featured_media_url":"https:\/\/www.tribunanf.com.br\/blogdoralfereis\/wp-content\/uploads\/sites\/11\/2022\/10\/rodrigo-bacellar-1280x720-1.jpg","jetpack_sharing_enabled":true,"_links":{"self":[{"href":"https:\/\/www.tribunanf.com.br\/blogdoralfereis\/wp-json\/wp\/v2\/posts\/10623","targetHints":{"allow":["GET"]}}],"collection":[{"href":"https:\/\/www.tribunanf.com.br\/blogdoralfereis\/wp-json\/wp\/v2\/posts"}],"about":[{"href":"https:\/\/www.tribunanf.com.br\/blogdoralfereis\/wp-json\/wp\/v2\/types\/post"}],"author":[{"embeddable":true,"href":"https:\/\/www.tribunanf.com.br\/blogdoralfereis\/wp-json\/wp\/v2\/users\/2"}],"replies":[{"embeddable":true,"href":"https:\/\/www.tribunanf.com.br\/blogdoralfereis\/wp-json\/wp\/v2\/comments?post=10623"}],"version-history":[{"count":0,"href":"https:\/\/www.tribunanf.com.br\/blogdoralfereis\/wp-json\/wp\/v2\/posts\/10623\/revisions"}],"wp:featuredmedia":[{"embeddable":true,"href":"https:\/\/www.tribunanf.com.br\/blogdoralfereis\/wp-json\/wp\/v2\/media\/10230"}],"wp:attachment":[{"href":"https:\/\/www.tribunanf.com.br\/blogdoralfereis\/wp-json\/wp\/v2\/media?parent=10623"}],"wp:term":[{"taxonomy":"category","embeddable":true,"href":"https:\/\/www.tribunanf.com.br\/blogdoralfereis\/wp-json\/wp\/v2\/categories?post=10623"},{"taxonomy":"post_tag","embeddable":true,"href":"https:\/\/www.tribunanf.com.br\/blogdoralfereis\/wp-json\/wp\/v2\/tags?post=10623"}],"curies":[{"name":"wp","href":"https:\/\/api.w.org\/{rel}","templated":true}]}}